{"id":16054,"date":"2019-10-24T18:39:08","date_gmt":"2019-10-24T20:39:08","guid":{"rendered":"https:\/\/assuntospolemicosdabiblia.com\/blog\/?p=16054"},"modified":"2019-10-24T18:39:08","modified_gmt":"2019-10-24T20:39:08","slug":"dia-21-de-setembro-dia-da-arvore","status":"publish","type":"post","link":"https:\/\/assuntospolemicosdabiblia.com\/blog\/dia-21-de-setembro-dia-da-arvore\/","title":{"rendered":"DIA 21 DE SETEMBRO &#8211; DIA DA \u00c1RVORE"},"content":{"rendered":"<p><strong>A Vida na vida da \u00c1rvore<\/strong><\/p>\n<p>No <strong>21 de setembro,<\/strong> comemora-se o <strong>DIA DA \u00c1RVORE.<\/strong><\/p>\n<p><strong>A \u00c1rvore<\/strong> \u00e9 um s\u00edmbolo transcendental da <strong>NATUREZA <\/strong>e reflete atrav\u00e9s do<strong> VERDE<\/strong> de suas folhas, a <strong>Esperan\u00e7a<\/strong> e a <strong>VIDA.<\/strong><\/p>\n<p>A fun\u00e7\u00e3o <strong>MAIOR da \u00c1RVORE<\/strong> (fotoss\u00edntese) \u00e9 transformar, atrav\u00e9s do <strong>VERDE <\/strong>de suas folhas, sob a a\u00e7\u00e3o dos <strong>raios solares<\/strong>, o <strong>G\u00c1S <\/strong>carb\u00f4nico <strong>(CO2)<\/strong> em <strong>OXIG\u00caNIO (O2 ),<\/strong> <strong>QUE \u00c9 A RAZ\u00c3O DE<\/strong> <strong>Viver <\/strong>\u00a0de todos os <strong>Seres<\/strong> que respiram sobre a face da <strong>TERRA.<\/strong><\/p>\n<p>A<strong> \u00c1RVORE<\/strong> vive sem o <strong>HOMEM,<\/strong> mas o <strong>Homem<\/strong> n\u00e3o vive sem a <strong>\u00c1RVORE.<\/strong><\/p>\n<p>A <strong>\u00c1rvore<\/strong> proporciona ao <strong>HOMEM <\/strong>\u00a0alimenta\u00e7\u00e3o, moradia, bem estar, trabalho, prosperidade e riqueza, al\u00e9m de outros <strong>in\u00fameros benef\u00edcios.<\/strong><\/p>\n<p><strong>HOMEM <\/strong>\u00a0e a<strong> \u00c1rvore<\/strong> em harmonia enchem de<strong> VIDA<\/strong> <strong>E DE ALEGRIA a NATUREZA.<\/strong><\/p>\n<p><strong>PLANTAR \u00c1RVORE<\/strong> n\u00e3o \u00e9 obriga\u00e7\u00e3o, mas uma necessidade de <strong>TODOS.<\/strong><\/p>\n<p>Para cada<strong> \u00c1RVORE<\/strong> cortada, duas ou mais devem ser <strong>PLANTADAS e PRESERVADAS<\/strong>, mesmo que em outro <strong>local.<\/strong><\/p>\n<p>Numa observa\u00e7\u00e3o mais atenta, deixando o <strong>ESP\u00cdRITO<\/strong> agir, podemos entender que a <strong>\u00c1RVORE,<\/strong> al\u00e9m do que foi descrito acima, representa para o <strong>HOMEM <\/strong>um <strong>s\u00edmbolo transcendental.<\/strong><\/p>\n<p>O exemplo mais significativo desse <strong>s\u00edmbolo transcendental<\/strong> da <strong>ARTE DE VIVER<\/strong> \u00e9 dado pela <strong>PALMEIRA.<\/strong><\/p>\n<p>Como toda <strong>\u00c1RVORE<\/strong>, a <strong>PALMEIRA <\/strong>cresce em dire\u00e7\u00e3o ao <strong>c\u00e9u<\/strong>.<\/p>\n<p>A diferen\u00e7a da<strong> PALMEIRA<\/strong> para as demais <strong>\u00c1RVORES,<\/strong> \u00e9 que a <strong>PALMEIRA <\/strong>cresce <strong>RETIL\u00cdNEA <\/strong>em dire\u00e7\u00e3o ao <strong>c\u00e9u.<\/strong><\/p>\n<p>Por esta atitude, como que a buscar as <strong>ALTURAS CELESTIAIS,<\/strong> a <strong>PALMEIRA <\/strong>n\u00e3o s\u00f3 consegue viver longos anos <strong>(180 anos em m\u00e9dia),<\/strong> como possui uma invej\u00e1vel resist\u00eancia \u00e0s intemp\u00e9ries <strong>(vendaval),<\/strong> sem <strong>sequer vergar-se ante a f\u00faria do vento.<\/strong><\/p>\n<p>Para completar o <strong>aspecto transcendental,<\/strong>\u00a0 \u00e9 na <strong>ADVERSIDADE<\/strong> (vendaval) que a<strong> PALMEIRA<\/strong> <strong>apenas balan\u00e7a seu tronco<\/strong>, se faz <strong>\u201couvir\u201d com o som ao agitar<\/strong> suas <strong>PALMAS,<\/strong> como <strong>\u201cbra\u00e7os\u201d <\/strong>tudo como que a louvar a <strong>DEUS, como afirma o Salmos 1 48: 9<\/strong> ;<\/p>\n<p>Quando tudo est\u00e1 calmo, a <strong>PALMEIRA<\/strong> permanece quieta, como numa atitude de constante <strong>\u201cOra\u00e7\u00e3o\u201d.<\/strong><\/p>\n<p>Desta forma precisamos <strong>PLANTAR<\/strong> e preservar as <strong>\u00c1RVORES,<\/strong> e colocar-nos <strong>RETIL\u00cdNEOS,<\/strong> como uma <strong>PALMEIRA,<\/strong> na presen\u00e7a de <strong>DEUS,<\/strong> atentando para as <strong>\u00a0Palavras<\/strong> contidas no <strong>SALMO 92:12.<\/strong><\/p>\n<p><strong>\u201cO justo florescer\u00e1 como a PALMEIRA\u201d.<\/strong><\/p>\n<p><strong>Onir Francisco Damas<\/strong><\/p>\n<p>&nbsp;<\/p>\n","protected":false},"excerpt":{"rendered":"<p>A Vida na vida da \u00c1rvore No 21 de setembro, comemora-se o DIA DA \u00c1RVORE. A \u00c1rvore \u00e9 um s\u00edmbolo transcendental da NATUREZA e reflete atrav\u00e9s do VERDE de suas folhas, a Esperan\u00e7a e a VIDA. A fun\u00e7\u00e3o MAIOR da \u00c1RVORE (fotoss\u00edntese) \u00e9 transformar, atrav\u00e9s do VERDE de suas folhas, sob a a\u00e7\u00e3o dos raios solares, o G\u00c1S carb\u00f4nico (CO2) em OXIG\u00caNIO (O2 ), QUE \u00c9 A RAZ\u00c3O DE Viver \u00a0de todos os Seres que respiram sobre a face da TERRA. A \u00c1RVORE vive sem o HOMEM, mas o Homem n\u00e3o vive sem a \u00c1RVORE. A \u00c1rvore proporciona ao HOMEM \u00a0alimenta\u00e7\u00e3o, moradia, bem estar, trabalho, prosperidade e riqueza, al\u00e9m de outros in\u00fameros benef\u00edcios. HOMEM \u00a0e a \u00c1rvore em harmonia enchem de VIDA E DE ALEGRIA a NATUREZA. PLANTAR \u00c1RVORE n\u00e3o \u00e9 obriga\u00e7\u00e3o, mas uma necessidade de TODOS. Para cada \u00c1RVORE cortada, duas ou mais devem ser PLANTADAS e PRESERVADAS, mesmo que em outro local. Numa observa\u00e7\u00e3o mais atenta, deixando o ESP\u00cdRITO agir, podemos entender que a \u00c1RVORE, al\u00e9m do que foi descrito acima, representa para o HOMEM um s\u00edmbolo transcendental. O exemplo mais significativo desse s\u00edmbolo transcendental da ARTE DE VIVER \u00e9 dado pela PALMEIRA. Como toda \u00c1RVORE, a PALMEIRA cresce em dire\u00e7\u00e3o ao c\u00e9u. A diferen\u00e7a da PALMEIRA para as demais \u00c1RVORES, \u00e9 que a PALMEIRA cresce RETIL\u00cdNEA em dire\u00e7\u00e3o ao c\u00e9u. Por esta atitude, como que a buscar as ALTURAS CELESTIAIS, a PALMEIRA n\u00e3o s\u00f3 consegue viver longos anos (180 anos em m\u00e9dia), como possui uma invej\u00e1vel resist\u00eancia \u00e0s intemp\u00e9ries (vendaval), sem sequer vergar-se ante a f\u00faria do vento. Para completar o aspecto transcendental,\u00a0 \u00e9 na ADVERSIDADE (vendaval) que a PALMEIRA apenas balan\u00e7a seu tronco, se faz \u201couvir\u201d com o som ao agitar suas PALMAS, como \u201cbra\u00e7os\u201d tudo como que a louvar a DEUS, como afirma o Salmos 1 48: 9 ; Quando tudo est\u00e1 calmo, a PALMEIRA permanece quieta, como numa atitude de constante \u201cOra\u00e7\u00e3o\u201d. Desta forma precisamos PLANTAR e preservar as \u00c1RVORES, e colocar-nos RETIL\u00cdNEOS, como uma PALMEIRA, na presen\u00e7a de DEUS, atentando para as \u00a0Palavras contidas no SALMO 92:12. \u201cO justo florescer\u00e1 como a PALMEIRA\u201d. Onir Francisco Damas &nbsp;<\/p>\n","protected":false},"author":2,"featured_media":16055,"comment_status":"open","ping_status":"open","sticky":false,"template":"","format":"standard","meta":{"footnotes":""},"categories":[31],"tags":[],"class_list":["post-16054","post","type-post","status-publish","format-standard","has-post-thumbnail","hentry","category-reflexoes-civico-espirituais"],"yoast_head":"<!-- This site is optimized with the Yoast SEO plugin v27.5 - https:\/\/yoast.com\/product\/yoast-seo-wordpress\/ -->\n<title>DIA 21 DE SETEMBRO - DIA DA \u00c1RVORE - Assuntos Pol\u00eamicos da B\u00edblia<\/title>\n<meta name=\"robots\" content=\"index, follow, max-snippet:-1, max-image-preview:large, max-video-preview:-1\" \/>\n<link rel=\"canonical\" href=\"https:\/\/assuntospolemicosdabiblia.com\/blog\/dia-21-de-setembro-dia-da-arvore\/\" \/>\n<meta property=\"og:locale\" content=\"pt_BR\" \/>\n<meta property=\"og:type\" content=\"article\" \/>\n<meta property=\"og:title\" content=\"DIA 21 DE SETEMBRO - DIA DA \u00c1RVORE - Assuntos Pol\u00eamicos da B\u00edblia\" \/>\n<meta property=\"og:description\" content=\"A Vida na vida da \u00c1rvore No 21 de setembro, comemora-se o DIA DA \u00c1RVORE. A \u00c1rvore \u00e9 um s\u00edmbolo transcendental da NATUREZA e reflete atrav\u00e9s do VERDE de suas folhas, a Esperan\u00e7a e a VIDA. A fun\u00e7\u00e3o MAIOR da \u00c1RVORE (fotoss\u00edntese) \u00e9 transformar, atrav\u00e9s do VERDE de suas folhas, sob a a\u00e7\u00e3o dos raios solares, o G\u00c1S carb\u00f4nico (CO2) em OXIG\u00caNIO (O2 ), QUE \u00c9 A RAZ\u00c3O DE Viver \u00a0de todos os Seres que respiram sobre a face da TERRA. A \u00c1RVORE vive sem o HOMEM, mas o Homem n\u00e3o vive sem a \u00c1RVORE. A \u00c1rvore proporciona ao HOMEM \u00a0alimenta\u00e7\u00e3o, moradia, bem estar, trabalho, prosperidade e riqueza, al\u00e9m de outros in\u00fameros benef\u00edcios. HOMEM \u00a0e a \u00c1rvore em harmonia enchem de VIDA E DE ALEGRIA a NATUREZA. PLANTAR \u00c1RVORE n\u00e3o \u00e9 obriga\u00e7\u00e3o, mas uma necessidade de TODOS. Para cada \u00c1RVORE cortada, duas ou mais devem ser PLANTADAS e PRESERVADAS, mesmo que em outro local. Numa observa\u00e7\u00e3o mais atenta, deixando o ESP\u00cdRITO agir, podemos entender que a \u00c1RVORE, al\u00e9m do que foi descrito acima, representa para o HOMEM um s\u00edmbolo transcendental. O exemplo mais significativo desse s\u00edmbolo transcendental da ARTE DE VIVER \u00e9 dado pela PALMEIRA. Como toda \u00c1RVORE, a PALMEIRA cresce em dire\u00e7\u00e3o ao c\u00e9u. A diferen\u00e7a da PALMEIRA para as demais \u00c1RVORES, \u00e9 que a PALMEIRA cresce RETIL\u00cdNEA em dire\u00e7\u00e3o ao c\u00e9u. Por esta atitude, como que a buscar as ALTURAS CELESTIAIS, a PALMEIRA n\u00e3o s\u00f3 consegue viver longos anos (180 anos em m\u00e9dia), como possui uma invej\u00e1vel resist\u00eancia \u00e0s intemp\u00e9ries (vendaval), sem sequer vergar-se ante a f\u00faria do vento. Para completar o aspecto transcendental,\u00a0 \u00e9 na ADVERSIDADE (vendaval) que a PALMEIRA apenas balan\u00e7a seu tronco, se faz \u201couvir\u201d com o som ao agitar suas PALMAS, como \u201cbra\u00e7os\u201d tudo como que a louvar a DEUS, como afirma o Salmos 1 48: 9 ; Quando tudo est\u00e1 calmo, a PALMEIRA permanece quieta, como numa atitude de constante \u201cOra\u00e7\u00e3o\u201d. Desta forma precisamos PLANTAR e preservar as \u00c1RVORES, e colocar-nos RETIL\u00cdNEOS, como uma PALMEIRA, na presen\u00e7a de DEUS, atentando para as \u00a0Palavras contidas no SALMO 92:12. \u201cO justo florescer\u00e1 como a PALMEIRA\u201d. Onir Francisco Damas &nbsp;\" \/>\n<meta property=\"og:url\" content=\"https:\/\/assuntospolemicosdabiblia.com\/blog\/dia-21-de-setembro-dia-da-arvore\/\" \/>\n<meta property=\"og:site_name\" content=\"Assuntos Pol\u00eamicos da B\u00edblia\" \/>\n<meta property=\"article:published_time\" content=\"2019-10-24T20:39:08+00:00\" \/>\n<meta property=\"og:image\" content=\"https:\/\/assuntospolemicosdabiblia.com\/blog\/wp-content\/uploads\/2019\/10\/dia-da-arvore-13999068621.jpg\" \/>\n\t<meta property=\"og:image:width\" content=\"2500\" \/>\n\t<meta property=\"og:image:height\" content=\"1383\" \/>\n\t<meta property=\"og:image:type\" content=\"image\/jpeg\" \/>\n<meta name=\"author\" content=\"onir\" \/>\n<meta name=\"twitter:card\" content=\"summary_large_image\" \/>\n<meta name=\"twitter:label1\" content=\"Escrito por\" \/>\n\t<meta name=\"twitter:data1\" content=\"onir\" \/>\n\t<meta name=\"twitter:label2\" content=\"Est. tempo de leitura\" \/>\n\t<meta name=\"twitter:data2\" content=\"2 minutos\" \/>\n<script type=\"application\/ld+json\" class=\"yoast-schema-graph\">{\"@context\":\"https:\\\/\\\/schema.org\",\"@graph\":[{\"@type\":\"Article\",\"@id\":\"https:\\\/\\\/assuntospolemicosdabiblia.com\\\/blog\\\/dia-21-de-setembro-dia-da-arvore\\\/#article\",\"isPartOf\":{\"@id\":\"https:\\\/\\\/assuntospolemicosdabiblia.com\\\/blog\\\/dia-21-de-setembro-dia-da-arvore\\\/\"},\"author\":{\"name\":\"onir\",\"@id\":\"https:\\\/\\\/assuntospolemicosdabiblia.com\\\/blog\\\/#\\\/schema\\\/person\\\/dcc1acf89b0697dccfe238ccc3f18807\"},\"headline\":\"DIA 21 DE SETEMBRO &#8211; DIA DA \u00c1RVORE\",\"datePublished\":\"2019-10-24T20:39:08+00:00\",\"mainEntityOfPage\":{\"@id\":\"https:\\\/\\\/assuntospolemicosdabiblia.com\\\/blog\\\/dia-21-de-setembro-dia-da-arvore\\\/\"},\"wordCount\":386,\"commentCount\":0,\"image\":{\"@id\":\"https:\\\/\\\/assuntospolemicosdabiblia.com\\\/blog\\\/dia-21-de-setembro-dia-da-arvore\\\/#primaryimage\"},\"thumbnailUrl\":\"https:\\\/\\\/assuntospolemicosdabiblia.com\\\/blog\\\/wp-content\\\/uploads\\\/2019\\\/10\\\/dia-da-arvore-13999068621.jpg\",\"articleSection\":[\"Reflex\u00f5es C\u00edvico Espirituais\"],\"inLanguage\":\"pt-BR\",\"potentialAction\":[{\"@type\":\"CommentAction\",\"name\":\"Comment\",\"target\":[\"https:\\\/\\\/assuntospolemicosdabiblia.com\\\/blog\\\/dia-21-de-setembro-dia-da-arvore\\\/#respond\"]}]},{\"@type\":\"WebPage\",\"@id\":\"https:\\\/\\\/assuntospolemicosdabiblia.com\\\/blog\\\/dia-21-de-setembro-dia-da-arvore\\\/\",\"url\":\"https:\\\/\\\/assuntospolemicosdabiblia.com\\\/blog\\\/dia-21-de-setembro-dia-da-arvore\\\/\",\"name\":\"DIA 21 DE SETEMBRO - DIA DA \u00c1RVORE - Assuntos Pol\u00eamicos da B\u00edblia\",\"isPartOf\":{\"@id\":\"https:\\\/\\\/assuntospolemicosdabiblia.com\\\/blog\\\/#website\"},\"primaryImageOfPage\":{\"@id\":\"https:\\\/\\\/assuntospolemicosdabiblia.com\\\/blog\\\/dia-21-de-setembro-dia-da-arvore\\\/#primaryimage\"},\"image\":{\"@id\":\"https:\\\/\\\/assuntospolemicosdabiblia.com\\\/blog\\\/dia-21-de-setembro-dia-da-arvore\\\/#primaryimage\"},\"thumbnailUrl\":\"https:\\\/\\\/assuntospolemicosdabiblia.com\\\/blog\\\/wp-content\\\/uploads\\\/2019\\\/10\\\/dia-da-arvore-13999068621.jpg\",\"datePublished\":\"2019-10-24T20:39:08+00:00\",\"author\":{\"@id\":\"https:\\\/\\\/assuntospolemicosdabiblia.com\\\/blog\\\/#\\\/schema\\\/person\\\/dcc1acf89b0697dccfe238ccc3f18807\"},\"breadcrumb\":{\"@id\":\"https:\\\/\\\/assuntospolemicosdabiblia.com\\\/blog\\\/dia-21-de-setembro-dia-da-arvore\\\/#breadcrumb\"},\"inLanguage\":\"pt-BR\",\"potentialAction\":[{\"@type\":\"ReadAction\",\"target\":[\"https:\\\/\\\/assuntospolemicosdabiblia.com\\\/blog\\\/dia-21-de-setembro-dia-da-arvore\\\/\"]}]},{\"@type\":\"ImageObject\",\"inLanguage\":\"pt-BR\",\"@id\":\"https:\\\/\\\/assuntospolemicosdabiblia.com\\\/blog\\\/dia-21-de-setembro-dia-da-arvore\\\/#primaryimage\",\"url\":\"https:\\\/\\\/assuntospolemicosdabiblia.com\\\/blog\\\/wp-content\\\/uploads\\\/2019\\\/10\\\/dia-da-arvore-13999068621.jpg\",\"contentUrl\":\"https:\\\/\\\/assuntospolemicosdabiblia.com\\\/blog\\\/wp-content\\\/uploads\\\/2019\\\/10\\\/dia-da-arvore-13999068621.jpg\",\"width\":2500,\"height\":1383},{\"@type\":\"BreadcrumbList\",\"@id\":\"https:\\\/\\\/assuntospolemicosdabiblia.com\\\/blog\\\/dia-21-de-setembro-dia-da-arvore\\\/#breadcrumb\",\"itemListElement\":[{\"@type\":\"ListItem\",\"position\":1,\"name\":\"In\u00edcio\",\"item\":\"https:\\\/\\\/assuntospolemicosdabiblia.com\\\/blog\\\/\"},{\"@type\":\"ListItem\",\"position\":2,\"name\":\"DIA 21 DE SETEMBRO &#8211; DIA DA \u00c1RVORE\"}]},{\"@type\":\"WebSite\",\"@id\":\"https:\\\/\\\/assuntospolemicosdabiblia.com\\\/blog\\\/#website\",\"url\":\"https:\\\/\\\/assuntospolemicosdabiblia.com\\\/blog\\\/\",\"name\":\"Assuntos Pol\u00eamicos da B\u00edblia\",\"description\":\"Conhecereis a Verdade e a Verdade vos Libertar\u00e1\",\"potentialAction\":[{\"@type\":\"SearchAction\",\"target\":{\"@type\":\"EntryPoint\",\"urlTemplate\":\"https:\\\/\\\/assuntospolemicosdabiblia.com\\\/blog\\\/?s={search_term_string}\"},\"query-input\":{\"@type\":\"PropertyValueSpecification\",\"valueRequired\":true,\"valueName\":\"search_term_string\"}}],\"inLanguage\":\"pt-BR\"},{\"@type\":\"Person\",\"@id\":\"https:\\\/\\\/assuntospolemicosdabiblia.com\\\/blog\\\/#\\\/schema\\\/person\\\/dcc1acf89b0697dccfe238ccc3f18807\",\"name\":\"onir\",\"image\":{\"@type\":\"ImageObject\",\"inLanguage\":\"pt-BR\",\"@id\":\"https:\\\/\\\/secure.gravatar.com\\\/avatar\\\/01f8ecbe53bfdb17e125e1702a5605a51d3993dc27493d8b9c1e1aacb366eb03?s=96&d=mm&r=g\",\"url\":\"https:\\\/\\\/secure.gravatar.com\\\/avatar\\\/01f8ecbe53bfdb17e125e1702a5605a51d3993dc27493d8b9c1e1aacb366eb03?s=96&d=mm&r=g\",\"contentUrl\":\"https:\\\/\\\/secure.gravatar.com\\\/avatar\\\/01f8ecbe53bfdb17e125e1702a5605a51d3993dc27493d8b9c1e1aacb366eb03?s=96&d=mm&r=g\",\"caption\":\"onir\"},\"url\":\"https:\\\/\\\/assuntospolemicosdabiblia.com\\\/blog\\\/author\\\/onir\\\/\"}]}<\/script>\n<!-- \/ Yoast SEO plugin. -->","yoast_head_json":{"title":"DIA 21 DE SETEMBRO - DIA DA \u00c1RVORE - Assuntos Pol\u00eamicos da B\u00edblia","robots":{"index":"index","follow":"follow","max-snippet":"max-snippet:-1","max-image-preview":"max-image-preview:large","max-video-preview":"max-video-preview:-1"},"canonical":"https:\/\/assuntospolemicosdabiblia.com\/blog\/dia-21-de-setembro-dia-da-arvore\/","og_locale":"pt_BR","og_type":"article","og_title":"DIA 21 DE SETEMBRO - DIA DA \u00c1RVORE - Assuntos Pol\u00eamicos da B\u00edblia","og_description":"A Vida na vida da \u00c1rvore No 21 de setembro, comemora-se o DIA DA \u00c1RVORE. A \u00c1rvore \u00e9 um s\u00edmbolo transcendental da NATUREZA e reflete atrav\u00e9s do VERDE de suas folhas, a Esperan\u00e7a e a VIDA. A fun\u00e7\u00e3o MAIOR da \u00c1RVORE (fotoss\u00edntese) \u00e9 transformar, atrav\u00e9s do VERDE de suas folhas, sob a a\u00e7\u00e3o dos raios solares, o G\u00c1S carb\u00f4nico (CO2) em OXIG\u00caNIO (O2 ), QUE \u00c9 A RAZ\u00c3O DE Viver \u00a0de todos os Seres que respiram sobre a face da TERRA. A \u00c1RVORE vive sem o HOMEM, mas o Homem n\u00e3o vive sem a \u00c1RVORE. A \u00c1rvore proporciona ao HOMEM \u00a0alimenta\u00e7\u00e3o, moradia, bem estar, trabalho, prosperidade e riqueza, al\u00e9m de outros in\u00fameros benef\u00edcios. HOMEM \u00a0e a \u00c1rvore em harmonia enchem de VIDA E DE ALEGRIA a NATUREZA. PLANTAR \u00c1RVORE n\u00e3o \u00e9 obriga\u00e7\u00e3o, mas uma necessidade de TODOS. Para cada \u00c1RVORE cortada, duas ou mais devem ser PLANTADAS e PRESERVADAS, mesmo que em outro local. Numa observa\u00e7\u00e3o mais atenta, deixando o ESP\u00cdRITO agir, podemos entender que a \u00c1RVORE, al\u00e9m do que foi descrito acima, representa para o HOMEM um s\u00edmbolo transcendental. O exemplo mais significativo desse s\u00edmbolo transcendental da ARTE DE VIVER \u00e9 dado pela PALMEIRA. Como toda \u00c1RVORE, a PALMEIRA cresce em dire\u00e7\u00e3o ao c\u00e9u. A diferen\u00e7a da PALMEIRA para as demais \u00c1RVORES, \u00e9 que a PALMEIRA cresce RETIL\u00cdNEA em dire\u00e7\u00e3o ao c\u00e9u. Por esta atitude, como que a buscar as ALTURAS CELESTIAIS, a PALMEIRA n\u00e3o s\u00f3 consegue viver longos anos (180 anos em m\u00e9dia), como possui uma invej\u00e1vel resist\u00eancia \u00e0s intemp\u00e9ries (vendaval), sem sequer vergar-se ante a f\u00faria do vento. Para completar o aspecto transcendental,\u00a0 \u00e9 na ADVERSIDADE (vendaval) que a PALMEIRA apenas balan\u00e7a seu tronco, se faz \u201couvir\u201d com o som ao agitar suas PALMAS, como \u201cbra\u00e7os\u201d tudo como que a louvar a DEUS, como afirma o Salmos 1 48: 9 ; Quando tudo est\u00e1 calmo, a PALMEIRA permanece quieta, como numa atitude de constante \u201cOra\u00e7\u00e3o\u201d. Desta forma precisamos PLANTAR e preservar as \u00c1RVORES, e colocar-nos RETIL\u00cdNEOS, como uma PALMEIRA, na presen\u00e7a de DEUS, atentando para as \u00a0Palavras contidas no SALMO 92:12. \u201cO justo florescer\u00e1 como a PALMEIRA\u201d. Onir Francisco Damas &nbsp;","og_url":"https:\/\/assuntospolemicosdabiblia.com\/blog\/dia-21-de-setembro-dia-da-arvore\/","og_site_name":"Assuntos Pol\u00eamicos da B\u00edblia","article_published_time":"2019-10-24T20:39:08+00:00","og_image":[{"width":2500,"height":1383,"url":"https:\/\/assuntospolemicosdabiblia.com\/blog\/wp-content\/uploads\/2019\/10\/dia-da-arvore-13999068621.jpg","type":"image\/jpeg"}],"author":"onir","twitter_card":"summary_large_image","twitter_misc":{"Escrito por":"onir","Est. tempo de leitura":"2 minutos"},"schema":{"@context":"https:\/\/schema.org","@graph":[{"@type":"Article","@id":"https:\/\/assuntospolemicosdabiblia.com\/blog\/dia-21-de-setembro-dia-da-arvore\/#article","isPartOf":{"@id":"https:\/\/assuntospolemicosdabiblia.com\/blog\/dia-21-de-setembro-dia-da-arvore\/"},"author":{"name":"onir","@id":"https:\/\/assuntospolemicosdabiblia.com\/blog\/#\/schema\/person\/dcc1acf89b0697dccfe238ccc3f18807"},"headline":"DIA 21 DE SETEMBRO &#8211; DIA DA \u00c1RVORE","datePublished":"2019-10-24T20:39:08+00:00","mainEntityOfPage":{"@id":"https:\/\/assuntospolemicosdabiblia.com\/blog\/dia-21-de-setembro-dia-da-arvore\/"},"wordCount":386,"commentCount":0,"image":{"@id":"https:\/\/assuntospolemicosdabiblia.com\/blog\/dia-21-de-setembro-dia-da-arvore\/#primaryimage"},"thumbnailUrl":"https:\/\/assuntospolemicosdabiblia.com\/blog\/wp-content\/uploads\/2019\/10\/dia-da-arvore-13999068621.jpg","articleSection":["Reflex\u00f5es C\u00edvico Espirituais"],"inLanguage":"pt-BR","potentialAction":[{"@type":"CommentAction","name":"Comment","target":["https:\/\/assuntospolemicosdabiblia.com\/blog\/dia-21-de-setembro-dia-da-arvore\/#respond"]}]},{"@type":"WebPage","@id":"https:\/\/assuntospolemicosdabiblia.com\/blog\/dia-21-de-setembro-dia-da-arvore\/","url":"https:\/\/assuntospolemicosdabiblia.com\/blog\/dia-21-de-setembro-dia-da-arvore\/","name":"DIA 21 DE SETEMBRO - DIA DA \u00c1RVORE - Assuntos Pol\u00eamicos da B\u00edblia","isPartOf":{"@id":"https:\/\/assuntospolemicosdabiblia.com\/blog\/#website"},"primaryImageOfPage":{"@id":"https:\/\/assuntospolemicosdabiblia.com\/blog\/dia-21-de-setembro-dia-da-arvore\/#primaryimage"},"image":{"@id":"https:\/\/assuntospolemicosdabiblia.com\/blog\/dia-21-de-setembro-dia-da-arvore\/#primaryimage"},"thumbnailUrl":"https:\/\/assuntospolemicosdabiblia.com\/blog\/wp-content\/uploads\/2019\/10\/dia-da-arvore-13999068621.jpg","datePublished":"2019-10-24T20:39:08+00:00","author":{"@id":"https:\/\/assuntospolemicosdabiblia.com\/blog\/#\/schema\/person\/dcc1acf89b0697dccfe238ccc3f18807"},"breadcrumb":{"@id":"https:\/\/assuntospolemicosdabiblia.com\/blog\/dia-21-de-setembro-dia-da-arvore\/#breadcrumb"},"inLanguage":"pt-BR","potentialAction":[{"@type":"ReadAction","target":["https:\/\/assuntospolemicosdabiblia.com\/blog\/dia-21-de-setembro-dia-da-arvore\/"]}]},{"@type":"ImageObject","inLanguage":"pt-BR","@id":"https:\/\/assuntospolemicosdabiblia.com\/blog\/dia-21-de-setembro-dia-da-arvore\/#primaryimage","url":"https:\/\/assuntospolemicosdabiblia.com\/blog\/wp-content\/uploads\/2019\/10\/dia-da-arvore-13999068621.jpg","contentUrl":"https:\/\/assuntospolemicosdabiblia.com\/blog\/wp-content\/uploads\/2019\/10\/dia-da-arvore-13999068621.jpg","width":2500,"height":1383},{"@type":"BreadcrumbList","@id":"https:\/\/assuntospolemicosdabiblia.com\/blog\/dia-21-de-setembro-dia-da-arvore\/#breadcrumb","itemListElement":[{"@type":"ListItem","position":1,"name":"In\u00edcio","item":"https:\/\/assuntospolemicosdabiblia.com\/blog\/"},{"@type":"ListItem","position":2,"name":"DIA 21 DE SETEMBRO &#8211; DIA DA \u00c1RVORE"}]},{"@type":"WebSite","@id":"https:\/\/assuntospolemicosdabiblia.com\/blog\/#website","url":"https:\/\/assuntospolemicosdabiblia.com\/blog\/","name":"Assuntos Pol\u00eamicos da B\u00edblia","description":"Conhecereis a Verdade e a Verdade vos Libertar\u00e1","potentialAction":[{"@type":"SearchAction","target":{"@type":"EntryPoint","urlTemplate":"https:\/\/assuntospolemicosdabiblia.com\/blog\/?s={search_term_string}"},"query-input":{"@type":"PropertyValueSpecification","valueRequired":true,"valueName":"search_term_string"}}],"inLanguage":"pt-BR"},{"@type":"Person","@id":"https:\/\/assuntospolemicosdabiblia.com\/blog\/#\/schema\/person\/dcc1acf89b0697dccfe238ccc3f18807","name":"onir","image":{"@type":"ImageObject","inLanguage":"pt-BR","@id":"https:\/\/secure.gravatar.com\/avatar\/01f8ecbe53bfdb17e125e1702a5605a51d3993dc27493d8b9c1e1aacb366eb03?s=96&d=mm&r=g","url":"https:\/\/secure.gravatar.com\/avatar\/01f8ecbe53bfdb17e125e1702a5605a51d3993dc27493d8b9c1e1aacb366eb03?s=96&d=mm&r=g","contentUrl":"https:\/\/secure.gravatar.com\/avatar\/01f8ecbe53bfdb17e125e1702a5605a51d3993dc27493d8b9c1e1aacb366eb03?s=96&d=mm&r=g","caption":"onir"},"url":"https:\/\/assuntospolemicosdabiblia.com\/blog\/author\/onir\/"}]}},"_links":{"self":[{"href":"https:\/\/assuntospolemicosdabiblia.com\/blog\/wp-json\/wp\/v2\/posts\/16054","targetHints":{"allow":["GET"]}}],"collection":[{"href":"https:\/\/assuntospolemicosdabiblia.com\/blog\/wp-json\/wp\/v2\/posts"}],"about":[{"href":"https:\/\/assuntospolemicosdabiblia.com\/blog\/wp-json\/wp\/v2\/types\/post"}],"author":[{"embeddable":true,"href":"https:\/\/assuntospolemicosdabiblia.com\/blog\/wp-json\/wp\/v2\/users\/2"}],"replies":[{"embeddable":true,"href":"https:\/\/assuntospolemicosdabiblia.com\/blog\/wp-json\/wp\/v2\/comments?post=16054"}],"version-history":[{"count":0,"href":"https:\/\/assuntospolemicosdabiblia.com\/blog\/wp-json\/wp\/v2\/posts\/16054\/revisions"}],"wp:featuredmedia":[{"embeddable":true,"href":"https:\/\/assuntospolemicosdabiblia.com\/blog\/wp-json\/wp\/v2\/media\/16055"}],"wp:attachment":[{"href":"https:\/\/assuntospolemicosdabiblia.com\/blog\/wp-json\/wp\/v2\/media?parent=16054"}],"wp:term":[{"taxonomy":"category","embeddable":true,"href":"https:\/\/assuntospolemicosdabiblia.com\/blog\/wp-json\/wp\/v2\/categories?post=16054"},{"taxonomy":"post_tag","embeddable":true,"href":"https:\/\/assuntospolemicosdabiblia.com\/blog\/wp-json\/wp\/v2\/tags?post=16054"}],"curies":[{"name":"wp","href":"https:\/\/api.w.org\/{rel}","templated":true}]}}