{"id":17360,"date":"2024-12-17T12:28:08","date_gmt":"2024-12-17T15:28:08","guid":{"rendered":"https:\/\/assuntospolemicosdabiblia.com\/blog\/?p=17360"},"modified":"2025-08-30T17:05:32","modified_gmt":"2025-08-30T20:05:32","slug":"evidencias-sobrenaturais-do-periodo-edenico","status":"publish","type":"post","link":"https:\/\/assuntospolemicosdabiblia.com\/blog\/evidencias-sobrenaturais-do-periodo-edenico\/","title":{"rendered":"EVID\u00caNCIAS SOBRENATURAIS DO PER\u00cdODO ED\u00caNICO"},"content":{"rendered":"<p><span style=\"font-size: large;\"><b>EVID\u00caNCIAS SOBRENATURAIS DO PER\u00cdODO ED\u00caNICO<\/b><\/span><\/p>\n<p><b>INTRODU\u00c7\u00c3O<\/b><\/p>\n<p>AS <b>CONSTRU\u00c7\u00d5ES COM BLOCOS GIGANTESCOS<\/b> que a <b>Ci\u00eancia Humana<\/b> n\u00e3o consegue explicar, em v\u00e1rias regi\u00f5es do Planeta, ao que tudo indica, s\u00e3o amplamente explicadas pela <b>Ci\u00eancia Teol\u00f3gica,<\/b> constru\u00eddas no<b> Per\u00edodo<\/b> <b>Ed\u00eanico<\/b> quando a <b>Terra era um \u00c9den;<\/b><\/p>\n<p><b>A TEOLOGIA \u00e9 a Ci\u00eancia dos Enigmas de Deus;<\/b><\/p>\n<p>Em <b>N\u00fameros 12: 8<\/b> <b>Deus <\/b>afirma que <b>fala por Enigmas,<\/b> logo, \u00e9 necess\u00e1rio<b> Discernimento<\/b> que \u00e9 <b>Dom <\/b>dado por <b>Deus (1\u00aa Cor\u00edntios 12: 10)<\/b> para se decifrar o <b>passado da Terra<\/b> que est\u00e1 sem explica\u00e7\u00e3o pela <b>Ci\u00eancia Humana;<\/b><\/p>\n<p>Todos os meios de <b>Comunica\u00e7\u00f5es em Geral<\/b> est\u00e3o postando mat\u00e9rias envolvendo constru\u00e7\u00f5es com mais de <b>12 mil anos<\/b> e que n\u00e3o podem ter sido constru\u00eddas pelos habitantes daquela \u00e9poca;<\/p>\n<p>Eu explico em<b> Livro<\/b> e mais de <b>100 (cem) Artigos<\/b> postados no <b>Site <\/b>que a <b>Terra<\/b> passou por <b>Per\u00edodos<\/b> de<b> Perfei\u00e7\u00e3o e Imperfei\u00e7\u00e3o;<\/b><\/p>\n<p><span style=\"font-family: Times New Roman, serif;\"><span style=\"font-size: medium;\">Quando se tem experi\u00eancia com o <\/span><\/span><span style=\"font-family: Times New Roman, serif;\"><span style=\"font-size: medium;\"><b>Poder de Deus<\/b><\/span><\/span><span style=\"font-family: Times New Roman, serif;\"><span style=\"font-size: medium;\"> \u00e9 desalentador assistir na <\/span><\/span><span style=\"font-family: Times New Roman, serif;\"><span style=\"font-size: medium;\"><b>Televis\u00e3o <\/b><\/span><\/span><span style=\"font-family: Times New Roman, serif;\"><span style=\"font-size: medium;\">os diversos document\u00e1rios sobre a <\/span><\/span><span style=\"font-family: Times New Roman, serif;\"><span style=\"font-size: medium;\"><b>Origem do Universo<\/b><\/span><\/span><span style=\"font-family: Times New Roman, serif;\"><span style=\"font-size: medium;\"> e a <\/span><\/span><span style=\"font-family: Times New Roman, serif;\"><span style=\"font-size: medium;\"><b>vida na Terra,<\/b><\/span><\/span><span style=\"font-family: Times New Roman, serif;\"><span style=\"font-size: medium;\"> sempre ignorando a exist\u00eancia de um <\/span><\/span><span style=\"font-family: Times New Roman, serif;\"><span style=\"font-size: medium;\"><b>Criador,<\/b><\/span><\/span><span style=\"font-family: Times New Roman, serif;\"><span style=\"font-size: medium;\"> e sempre com evasivas ante o <\/span><\/span><span style=\"font-family: Times New Roman, serif;\"><span style=\"font-size: medium;\"><b>inexplic\u00e1vel.<\/b><\/span><\/span><\/p>\n<p><span style=\"font-family: Times New Roman, serif;\"><span style=\"font-size: medium;\">A <\/span><\/span><span style=\"font-family: Times New Roman, serif;\"><span style=\"font-size: medium;\"><b>Teologia <\/b><\/span><\/span><span style=\"font-family: Times New Roman, serif;\"><span style=\"font-size: medium;\">tem a resposta para esclarecer a <\/span><\/span><span style=\"font-family: Times New Roman, serif;\"><span style=\"font-size: medium;\"><b>Origem do Universo<\/b><\/span><\/span><span style=\"font-family: Times New Roman, serif;\"><span style=\"font-size: medium;\"> e da <\/span><\/span><span style=\"font-family: Times New Roman, serif;\"><span style=\"font-size: medium;\"><b>Terra,<\/b><\/span><\/span><span style=\"font-family: Times New Roman, serif;\"><span style=\"font-size: medium;\"> por\u00e9m sob <\/span><\/span><span style=\"font-family: Times New Roman, serif;\"><span style=\"font-size: medium;\"><b>Enigm\u00e1tica Escritura B\u00edblica<\/b><\/span><\/span><span style=\"font-family: Times New Roman, serif;\"><span style=\"font-size: medium;\">, considerando o esfor\u00e7o pessoal atrav\u00e9s do <\/span><\/span><span style=\"font-family: Times New Roman, serif;\"><span style=\"font-size: medium;\"><b>Conhecimento e Entendimento,<\/b><\/span><\/span><span style=\"font-family: Times New Roman, serif;\"><span style=\"font-size: medium;\"> por\u00e9m sob o<\/span><\/span><span style=\"font-family: Times New Roman, serif;\"><span style=\"font-size: medium;\"><b> Discernimento<\/b><\/span><\/span><span style=\"font-family: Times New Roman, serif;\"><span style=\"font-size: medium;\"> que \u00e9 <\/span><\/span><span style=\"font-family: Times New Roman, serif;\"><span style=\"font-size: medium;\"><b>Dom de Deus ( 1\u00aa<\/b><\/span><\/span> <span style=\"font-family: Times New Roman, serif;\"><span style=\"font-size: medium;\"><b>Cor\u00edntios 12: 10;<\/b><\/span><\/span><\/p>\n<p><strong>O meu povo foi destru\u00eddo, porque lhe faltou o conhecimento; porque tu rejeitaste o conhecimento, tamb\u00e9m eu te rejeitarei, para que n\u00e3o sejas sacerdote diante de mim; e, visto que te esqueceste da lei do teu Deus, tamb\u00e9m eu me esquecerei de teus filhos. Os\u00e9ias 4: 6;<\/strong><\/p>\n<p><span style=\"font-family: Times New Roman, serif;\"><span style=\"font-size: medium;\">Para poder escrever este <\/span><\/span><span style=\"font-family: Times New Roman, serif;\"><span style=\"font-size: medium;\"><b>Artigo <\/b><\/span><\/span><span style=\"font-family: Times New Roman, serif;\"><span style=\"font-size: medium;\">\u00e9 preciso ter experi\u00eancia com o <\/span><\/span><span style=\"font-family: Times New Roman, serif;\"><span style=\"font-size: medium;\"><b>sobrenatural de Deus,<\/b><\/span><\/span><span style=\"font-family: Times New Roman, serif;\"><span style=\"font-size: medium;\"> e desta forma deixo a seguir uma <\/span><\/span><span style=\"font-family: Times New Roman, serif;\"><span style=\"font-size: medium;\"><b>experi\u00eancia sobrenatural,<\/b><\/span><\/span><span style=\"font-family: Times New Roman, serif;\"><span style=\"font-size: medium;\"> entre muitas, que j\u00e1 <\/span><\/span><span style=\"font-family: Times New Roman, serif;\"><span style=\"font-size: medium;\"><b>experimentei:<\/b><\/span><\/span><\/p>\n<p>No ano de <b>2000<\/b> quando regressava de uma confraterniza\u00e7\u00e3o dos 40 anos de formatura da turma Bras\u00edlia, de Sargentos da Escola de Sargentos das Armas (Ex\u00e9rcito), <span style=\"color: #ff0000;\"><b>fui transladado<\/b><\/span> da altura de Iraj\u00e1-RJ, na Avenida Brasil, para Realengo, estando de carro e acompanhado de minha esposa. Fiquei at\u00f4nito, pois em um <b>impercept\u00edvel<\/b> instante isto aconteceu.<\/p>\n<p>Quando entrei na Avenida Brasil, saindo da Avenida Presidente Dutra, olhei para o rel\u00f3gio e disse para a minha esposa que em aproximadamente 40 minutos estar\u00edamos em casa. Lembro-me que ultrapassei uma Kombi e logo a seguir percebi por uma placa de tr\u00e2nsito que estava em Realengo, <b>cerca de 20 Km \u00e0 frente.<\/b> Fiquei indagando em<b> Ora\u00e7\u00e3o<\/b> o motivo de t\u00e3o extraordin\u00e1rio fen\u00f4meno. Isto aconteceu no dia <b>17 de novembro de 2000.<\/b> Posteriormente, recebi um comunicado da Associa\u00e7\u00e3o de Ex-Alunos da CEFET-RJ, convidando os familiares de <b>Onir Francisco Damas<\/b> para participarem de <b>Missa em favor dos Ex-Alunos<\/b> <b>falecidos<\/b>, em solenidade anual realizado pela <b>Associa\u00e7\u00e3o <\/b>\u2013 meu nome inexplicavelmente estava inclu\u00eddo no rol dos <b>falecidos.<\/b><\/p>\n<p>Minha resposta tinha chegado, pois entendi que algo iria acontecer comigo antes de chegar ao Bairro de Deodoro, onde iria sair da Avenida Brasil, para seguir em dire\u00e7\u00e3o ao Bairro de minha resid\u00eancia. Foi mais um livramento de Deus, fazendo-me mudar o itiner\u00e1rio de maneira <b>sobrenatural.<\/b><\/p>\n<p>Com este <b>testemunho sobrenatural,<\/b> que n\u00e3o foi o \u00fanico de <b>translada\u00e7\u00e3o,<\/b> conforme outros <b>quatro<\/b> que est\u00e3o postados na <b>Se\u00e7\u00e3o \u201cO AUTOR\u201d,<\/b> no <b>Site<\/b>, estou postando este <b>Artigo<\/b> que tem o<b> Objetivo<\/b> de mostrar o <b>Poder de Deus<\/b> atrav\u00e9s da <b>TRANSLADA\u00c7\u00c3O;<\/b><\/p>\n<p><span style=\"color: #0563c1;\"><u><a href=\"http:\/\/www.assuntospolemicosdabiblia.com\/\"><b>www.assuntospolemicosdabiblia.com<\/b><\/a><\/u><\/span><\/p>\n<p>&nbsp;<\/p>\n<p><b>A TEOLOGIA EXPLICA O PASSADO DA TERRA<\/b><\/p>\n<p>Vou come\u00e7ar pelas <b>Palavras de Jesus:<\/b><\/p>\n<p><span style=\"color: #000000;\"><span style=\"font-family: Arial, sans-serif;\"><b>E Jesus lhes disse:<\/b><\/span><\/span><span style=\"color: #000000;\"><span style=\"font-family: Arial, sans-serif;\"> Por causa de vossa incredulidade; porque em verdade vos digo que, se tiverdes f\u00e9 como um gr\u00e3o de mostarda, direis a este monte: <\/span><\/span><span style=\"color: #000000;\"><span style=\"font-family: Arial, sans-serif;\"><b>Passa daqui para acol\u00e1<\/b><\/span><\/span><span style=\"color: #000000;\"><span style=\"font-family: Arial, sans-serif;\">, e <\/span><\/span><span style=\"color: #000000;\"><span style=\"font-family: Arial, sans-serif;\"><b>h\u00e1 de passar;<\/b><\/span><\/span><span style=\"color: #000000;\"><span style=\"font-family: Arial, sans-serif;\"> e nada vos ser\u00e1 imposs\u00edvel. <\/span><\/span><span style=\"color: #000000;\"><span style=\"font-family: Arial, sans-serif;\"><b>Mateus 17: 20<\/b><\/span><\/span><\/p>\n<p><span style=\"color: #000000;\"><span style=\"font-family: Arial, sans-serif;\">Entendeu o <\/span><\/span><span style=\"color: #000000;\"><span style=\"font-family: Arial, sans-serif;\"><b>porqu\u00ea<\/b><\/span><\/span><span style=\"color: #000000;\"><span style=\"font-family: Arial, sans-serif;\"> dos enormes <\/span><\/span><span style=\"color: #000000;\"><span style=\"font-family: Arial, sans-serif;\"><b>blocos misteriosos<\/b><\/span><\/span><span style=\"color: #000000;\"><span style=\"font-family: Arial, sans-serif;\"> e <\/span><\/span><span style=\"color: #000000;\"><span style=\"font-family: Arial, sans-serif;\"><b>enigm\u00e1ticos<\/b><\/span><\/span><span style=\"color: #000000;\"><span style=\"font-family: Arial, sans-serif;\"> do passado da <\/span><\/span><span style=\"color: #000000;\"><span style=\"font-family: Arial, sans-serif;\"><b>Terra.<\/b><\/span><\/span><\/p>\n<p><span style=\"color: #000000;\"><span style=\"font-family: Arial, sans-serif;\"><b>E Jesus lhes disse<\/b><\/span><\/span><span style=\"color: #000000;\"><span style=\"font-family: Arial, sans-serif;\">: Por causa de vossa incredulidade; porque em verdade vos digo que, se tiverdes f\u00e9 como um gr\u00e3o de mostarda, <\/span><\/span><span style=\"color: #000000;\"><span style=\"font-family: Arial, sans-serif;\"><b>direis a este monte:<\/b><\/span><\/span><span style=\"color: #000000;\"><span style=\"font-family: Arial, sans-serif;\"> Passa daqui para acol\u00e1, e <\/span><\/span><span style=\"color: #000000;\"><span style=\"font-family: Arial, sans-serif;\"><b>h\u00e1 de passar;<\/b><\/span><\/span><span style=\"color: #000000;\"><span style=\"font-family: Arial, sans-serif;\"> e nada vos ser\u00e1 imposs\u00edvel. <\/span><\/span><span style=\"color: #000000;\"><span style=\"font-family: Arial, sans-serif;\"><b>Mateus 17: 20<\/b><\/span><\/span><\/p>\n<p><span style=\"color: #000000;\"><span style=\"font-family: Arial, sans-serif;\">A explica\u00e7\u00e3o para todos os cortes, <\/span><\/span><span style=\"color: #000000;\"><span style=\"font-family: Arial, sans-serif;\"><b>TRANSLADA\u00c7\u00c3O e PERFEITAS<\/b><\/span><\/span><span style=\"color: #000000;\"><span style=\"font-family: Arial, sans-serif;\"> superposi\u00e7\u00f5es de gigantescos blocos em constru\u00e7\u00f5es <\/span><\/span><span style=\"color: #000000;\"><span style=\"font-family: Arial, sans-serif;\"><b>megal\u00edticas<\/b><\/span><\/span><span style=\"color: #000000;\"><span style=\"font-family: Arial, sans-serif;\"> em v\u00e1rios lugares da Terra, somente pelo <\/span><\/span><span style=\"color: #000000;\"><span style=\"font-family: Arial, sans-serif;\"><b>Poder de Deus,<\/b><\/span><\/span><span style=\"color: #000000;\"><span style=\"font-family: Arial, sans-serif;\"> num <\/span><\/span><span style=\"color: #000000;\"><span style=\"font-family: Arial, sans-serif;\"><b>Per\u00edodo<\/b><\/span><\/span><span style=\"color: #000000;\"><span style=\"font-family: Arial, sans-serif;\"> em que a <\/span><\/span><span style=\"color: #000000;\"><span style=\"font-family: Arial, sans-serif;\"><b>Terra era Perfeita;<\/b><\/span><\/span><\/p>\n<p><span style=\"color: #000000;\"><span style=\"font-family: Arial, sans-serif;\"><b>Megal\u00edtico = Grande Pedra <\/b><\/span><\/span><\/p>\n<p><span style=\"color: #000000;\"><span style=\"font-family: Arial, sans-serif;\">Diante destas poucas <\/span><\/span><span style=\"color: #000000;\"><span style=\"font-family: Arial, sans-serif;\"><b>Palavras de Jesus<\/b><\/span><\/span><span style=\"color: #000000;\"><span style=\"font-family: Arial, sans-serif;\"> podemos entender que durante o<\/span><\/span><span style=\"color: #000000;\"><span style=\"font-family: Arial, sans-serif;\"><b> Per\u00edodo<\/b><\/span><\/span> <span style=\"color: #000000;\"><span style=\"font-family: Arial, sans-serif;\"><b>Ed\u00eanico<\/b><\/span><\/span><span style=\"color: #000000;\"><span style=\"font-family: Arial, sans-serif;\"> quando a <\/span><\/span><span style=\"color: #000000;\"><span style=\"font-family: Arial, sans-serif;\"><b>Terra era Perfeita em Deus<\/b><\/span><\/span><span style=\"color: #000000;\"><span style=\"font-family: Arial, sans-serif;\"> e os <\/span><\/span><span style=\"color: #000000;\"><span style=\"font-family: Arial, sans-serif;\"><b>Anjos<\/b><\/span><\/span><span style=\"color: #000000;\"><span style=\"font-family: Arial, sans-serif;\"> que s\u00e3o <\/span><\/span><span style=\"color: #000000;\"><span style=\"font-family: Arial, sans-serif;\"><b>Mensageiros<\/b><\/span><\/span><span style=\"color: #000000;\"><span style=\"font-family: Arial, sans-serif;\"> a <\/span><\/span><span style=\"color: #000000;\"><span style=\"font-family: Arial, sans-serif;\"><b>Servi\u00e7o <\/b><\/span><\/span><span style=\"color: #000000;\"><span style=\"font-family: Arial, sans-serif;\">dos que v\u00e3o herdar a <\/span><\/span><span style=\"color: #000000;\"><span style=\"font-family: Arial, sans-serif;\"><b>Vida<\/b><\/span><\/span> <span style=\"color: #000000;\"><span style=\"font-family: Arial, sans-serif;\"><b>Eterna (Hebreus 12: 14),<\/b><\/span><\/span><span style=\"color: #000000;\"><span style=\"font-family: Arial, sans-serif;\"> interagiam com os<\/span><\/span><span style=\"color: #000000;\"><span style=\"font-family: Arial, sans-serif;\"><b> Ed\u00eanicos<\/b><\/span><\/span><span style=\"color: #000000;\"><span style=\"font-family: Arial, sans-serif;\"> e realizaram tudo o que existe de extraordin\u00e1rio em <\/span><\/span><span style=\"color: #000000;\"><span style=\"font-family: Arial, sans-serif;\"><b>Megas Constru\u00e7\u00f5es<\/b><\/span><\/span><span style=\"color: #000000;\"><span style=\"font-family: Arial, sans-serif;\"> e que a <\/span><\/span><span style=\"color: #000000;\"><span style=\"font-family: Arial, sans-serif;\"><b>Ci\u00eancia Humana<\/b><\/span><\/span><span style=\"color: #000000;\"><span style=\"font-family: Arial, sans-serif;\"> n\u00e3o <\/span><\/span><span style=\"color: #000000;\"><span style=\"font-family: Arial, sans-serif;\"><b>tem como explicar;<\/b><\/span><\/span><\/p>\n<p><span style=\"color: #000000;\"><span style=\"font-family: Arial, sans-serif;\"><b>Hebreus 1: 14 : N\u00e3o s\u00e3o porventura todos eles esp\u00edritos ministradores, enviados para servir a favor daqueles que h\u00e3o de herdar a salva\u00e7\u00e3o?<\/b><\/span><\/span><\/p>\n<p><span style=\"color: #000000;\"><span style=\"font-family: Arial, sans-serif;\">Entende agora o <\/span><\/span><span style=\"color: #000000;\"><span style=\"font-family: Arial, sans-serif;\"><b>porqu\u00ea<\/b><\/span><\/span><span style=\"color: #000000;\"><span style=\"font-family: Arial, sans-serif;\"> de n\u00e3o existir <\/span><\/span><span style=\"color: #000000;\"><span style=\"font-family: Arial, sans-serif;\"><b>nada registrado<\/b><\/span><\/span><span style=\"color: #000000;\"><span style=\"font-family: Arial, sans-serif;\"> e n\u00e3o <\/span><\/span><span style=\"color: #000000;\"><span style=\"font-family: Arial, sans-serif;\"><b>existir ferramentas de<\/b><\/span><\/span> <span style=\"color: #000000;\"><span style=\"font-family: Arial, sans-serif;\"><b>trabalho<\/b><\/span><\/span><span style=\"color: #000000;\"><span style=\"font-family: Arial, sans-serif;\"> onde foram realizadas as <\/span><\/span><span style=\"color: #000000;\"><span style=\"font-family: Arial, sans-serif;\"><b>enigm\u00e1ticas e misteriosas constru\u00e7\u00f5es?<\/b><\/span><\/span><\/p>\n<p><span style=\"color: #000000;\"><span style=\"font-family: Arial, sans-serif;\">Este <\/span><\/span><span style=\"color: #000000;\"><span style=\"font-family: Arial, sans-serif;\"><b>Artigo<\/b><\/span><\/span><span style=\"color: #000000;\"><span style=\"font-family: Arial, sans-serif;\"> \u00e9 apenas um complemento dos <\/span><\/span><span style=\"color: #000000;\"><span style=\"font-family: Arial, sans-serif;\"><b>Artigos j\u00e1 Postados no Site<\/b><\/span><\/span><span style=\"color: #000000;\"><span style=\"font-family: Arial, sans-serif;\"> onde eu abordo o <\/span><\/span><span style=\"color: #000000;\"><span style=\"font-family: Arial, sans-serif;\"><b>Per\u00edodo Ed\u00eanico<\/b><\/span><\/span><span style=\"color: #000000;\"><span style=\"font-family: Arial, sans-serif;\"> que durou <\/span><\/span><span style=\"color: #000000;\"><span style=\"font-family: Arial, sans-serif;\"><b>milhares de anos<\/b><\/span><\/span><span style=\"color: #000000;\"><span style=\"font-family: Arial, sans-serif;\"> quando foram <\/span><\/span><span style=\"color: #000000;\"><span style=\"font-family: Arial, sans-serif;\"><b>formadas as Ra\u00e7as<\/b><\/span><\/span><span style=\"color: #000000;\"><span style=\"font-family: Arial, sans-serif;\">, as extraordin\u00e1rias constru\u00e7\u00f5es <\/span><\/span><span style=\"color: #000000;\"><span style=\"font-family: Arial, sans-serif;\"><b>Megal\u00edticas<\/b><\/span><\/span><span style=\"color: #000000;\"><span style=\"font-family: Arial, sans-serif;\"> e todo um <\/span><\/span><span style=\"color: #000000;\"><span style=\"font-family: Arial, sans-serif;\"><b>conjunto de desenhos<\/b><\/span><\/span><span style=\"color: #000000;\"><span style=\"font-family: Arial, sans-serif;\"> sobre a <\/span><\/span><span style=\"color: #000000;\"><span style=\"font-family: Arial, sans-serif;\"><b>superf\u00edcie <\/b><\/span><\/span><span style=\"color: #000000;\"><span style=\"font-family: Arial, sans-serif;\">da <\/span><\/span><span style=\"color: #000000;\"><span style=\"font-family: Arial, sans-serif;\"><b>Terra,<\/b><\/span><\/span><span style=\"color: #000000;\"><span style=\"font-family: Arial, sans-serif;\"> e muito mais que a <\/span><\/span><span style=\"color: #000000;\"><span style=\"font-family: Arial, sans-serif;\"><b>Ci\u00eancia <\/b><\/span><\/span><span style=\"color: #000000;\"><span style=\"font-family: Arial, sans-serif;\">n\u00e3o consegue explica\u00e7\u00e3o, at\u00e9 que houve a contamina\u00e7\u00e3o de <\/span><\/span><span style=\"color: #000000;\"><span style=\"font-family: Arial, sans-serif;\"><b>Ad\u00e3o e Eva<\/b><\/span><\/span><span style=\"color: #000000;\"><span style=\"font-family: Arial, sans-serif;\"> e a <\/span><\/span><span style=\"color: #000000;\"><span style=\"font-family: Arial, sans-serif;\"><b>Terra<\/b><\/span><\/span><span style=\"color: #000000;\"><span style=\"font-family: Arial, sans-serif;\"> perdeu a <\/span><\/span><span style=\"color: #000000;\"><span style=\"font-family: Arial, sans-serif;\"><b>Perfei\u00e7\u00e3o <\/b><\/span><\/span><span style=\"color: #000000;\"><span style=\"font-family: Arial, sans-serif;\">tornando-se <\/span><\/span><span style=\"color: #000000;\"><span style=\"font-family: Arial, sans-serif;\"><b>\u201cmaldita\u201d<\/b><\/span><\/span><span style=\"color: #000000;\"><span style=\"font-family: Arial, sans-serif;\"> (<\/span><\/span><span style=\"color: #000000;\"><span style=\"font-family: Arial, sans-serif;\"><b>G\u00caNESIS 3: 17)<\/b><\/span><\/span><span style=\"color: #000000;\"><span style=\"font-family: Arial, sans-serif;\"> e morada de \u201cdem\u00f4nios\u201d <\/span><\/span><span style=\"color: #000000;\"><span style=\"font-family: Arial, sans-serif;\"><b>(Apocalipse 18: 2),<\/b><\/span><\/span><span style=\"color: #000000;\"><span style=\"font-family: Arial, sans-serif;\"> tudo amplamente explicado nos seguintes <\/span><\/span><span style=\"color: #000000;\"><span style=\"font-family: Arial, sans-serif;\"><b>Artigos:<\/b><\/span><\/span><\/p>\n<p><span style=\"color: #000000;\"><span style=\"font-family: Arial, sans-serif;\">OS FILHOS DE AD\u00c3O E EVA NO \u00c9DEN<\/span><\/span><\/p>\n<p><span style=\"color: #000000;\"><span style=\"font-family: Arial, sans-serif;\">A ORIGEM DO MAU<\/span><\/span><\/p>\n<p><span style=\"color: #000000;\"><span style=\"font-family: Arial, sans-serif;\">AD\u00c3O E A ORIGEM DAS RA\u00c7\u00c3S<\/span><\/span><\/p>\n<p><span style=\"color: #000000;\"><span style=\"font-family: Arial, sans-serif;\">O \u00c9DEN DE L\u00daCIFER \u2013 EZEQUIEL 28: 13<\/span><\/span><\/p>\n<p><span style=\"color: #000000;\"><span style=\"font-family: Arial, sans-serif;\">GOBLEKI TEPE E O JARDIM DO \u00c9DEN<\/span><\/span><\/p>\n<p><span style=\"color: #000000;\"><span style=\"font-family: Arial, sans-serif;\">CI\u00caNCIA X TEOLOGIA<\/span><\/span><\/p>\n<p><span style=\"color: #000000;\"><span style=\"font-family: Arial, sans-serif;\">O ENIGMA DO PER\u00cdODO VEGETARIANO<\/span><\/span><\/p>\n<p><span style=\"color: #000000;\"><span style=\"font-family: Arial, sans-serif;\">O ENIGMA DOS DISCOS VOADORES<\/span><\/span><\/p>\n<p><span style=\"color: #000000;\"><span style=\"font-family: Arial, sans-serif;\">NATAL ESTRELA OU DISCO VOADOR<\/span><\/span><\/p>\n<p><span style=\"color: #000000;\"><span style=\"font-family: Arial, sans-serif;\">ENTRE OUTROS CEM (100) POSTADOS NO SITE = www.assuntospolemicosdabiblia.com<\/span><\/span><\/p>\n<p><span style=\"color: #000000;\"><span style=\"font-family: Arial, sans-serif;\">Entende agora o<\/span><\/span><span style=\"color: #000000;\"><span style=\"font-family: Arial, sans-serif;\"><b> porqu\u00ea<\/b><\/span><\/span><span style=\"color: #000000;\"><span style=\"font-family: Arial, sans-serif;\"> de n\u00e3o se atribuir aos habitantes que viveram h\u00e1 mais de <\/span><\/span><span style=\"color: #000000;\"><span style=\"font-family: Arial, sans-serif;\"><b>12 mil<\/b><\/span><\/span> <span style=\"color: #000000;\"><span style=\"font-family: Arial, sans-serif;\"><b>anos<\/b><\/span><\/span><span style=\"color: #000000;\"><span style=\"font-family: Arial, sans-serif;\"> tudo o que existe nos locais onde se encontram os <\/span><\/span><span style=\"color: #000000;\"><span style=\"font-family: Arial, sans-serif;\"><b>Enigm\u00e1ticos e Misteriosos<\/b><\/span><\/span><span style=\"color: #000000;\"><span style=\"font-family: Arial, sans-serif;\"> vest\u00edgios arqueol\u00f3gicos? <\/span><\/span><\/p>\n<p><span style=\"color: #000000;\"><span style=\"font-family: Arial, sans-serif;\"><b>Enigm\u00e1ticos<\/b><\/span><\/span><span style=\"color: #000000;\"><span style=\"font-family: Arial, sans-serif;\"> porque s\u00e3o discernidos atrav\u00e9s do <\/span><\/span><span style=\"color: #000000;\"><span style=\"font-family: Arial, sans-serif;\"><b>Per\u00edodo Ed\u00eanico;<\/b><\/span><\/span><\/p>\n<p><span style=\"color: #000000;\"><span style=\"font-family: Arial, sans-serif;\"><b>Misteriosos<\/b><\/span><\/span><span style=\"color: #000000;\"><span style=\"font-family: Arial, sans-serif;\"> porque suas constru\u00e7\u00f5es est\u00e3o encobertos pelo <\/span><\/span><span style=\"color: #000000;\"><span style=\"font-family: Arial, sans-serif;\"><b>Poder Criador de Deus;<\/b><\/span><\/span><\/p>\n<p><img fetchpriority=\"high\" decoding=\"async\" class=\"alignnone wp-image-17365\" src=\"https:\/\/assuntospolemicosdabiblia.com\/blog\/wp-content\/uploads\/2024\/12\/Screenshot_184-300x129.png\" alt=\"\" width=\"607\" height=\"261\" \/><\/p>\n<p><span style=\"color: #000000;\"><span style=\"font-family: Arial, sans-serif;\"><b>Foto emprestada de mat\u00e9ria do youtube<\/b><\/span><\/span><\/p>\n<p><span style=\"color: #000000;\"><span style=\"font-family: Arial, sans-serif;\"><b>OS DONS E A GENEALIDADE<\/b><\/span><\/span><\/p>\n<p><span style=\"color: #000000;\"><span style=\"font-family: Arial, sans-serif;\"><b>N\u00e3o<\/b><\/span><\/span><span style=\"color: #000000;\"><span style=\"font-family: Arial, sans-serif;\"> tenho receio em afirmar que os grandes blocos pesando milhares de toneladas deixados inacabados mostra que houve uma mudan\u00e7a nas condi\u00e7\u00f5es reinantes da <\/span><\/span><span style=\"color: #000000;\"><span style=\"font-family: Arial, sans-serif;\"><b>Terra <\/b><\/span><\/span><span style=\"color: #000000;\"><span style=\"font-family: Arial, sans-serif;\">que interrompeu a <\/span><\/span><span style=\"color: #000000;\"><span style=\"font-family: Arial, sans-serif;\"><b>constru\u00e7\u00e3o;<\/b><\/span><\/span><\/p>\n<p><span style=\"color: #000000;\"><span style=\"font-family: Arial, sans-serif;\">Tudo indica que foi o momento em que <\/span><\/span><span style=\"color: #000000;\"><span style=\"font-family: Arial, sans-serif;\"><b>Ad\u00e3o e Eva<\/b><\/span><\/span><span style=\"color: #000000;\"><span style=\"font-family: Arial, sans-serif;\"> se contaminaram com o <\/span><\/span><span style=\"color: #000000;\"><span style=\"font-family: Arial, sans-serif;\"><b>Mau <\/b><\/span><\/span><span style=\"color: #000000;\"><span style=\"font-family: Arial, sans-serif;\">e a <\/span><\/span><span style=\"color: #000000;\"><span style=\"font-family: Arial, sans-serif;\"><b>Terra<\/b><\/span><\/span><span style=\"color: #000000;\"><span style=\"font-family: Arial, sans-serif;\"> perdeu a <\/span><\/span><span style=\"color: #000000;\"><span style=\"font-family: Arial, sans-serif;\"><b>Perfei\u00e7\u00e3o<\/b><\/span><\/span> <span style=\"color: #000000;\"><span style=\"font-family: Arial, sans-serif;\"><b>(G\u00eanesis 3: 17);<\/b><\/span><\/span><\/p>\n<p><b>G\u00eanesis<\/b><\/p>\n<p><b>3.17 E a Ad\u00e3o disse: Visto que atendeste a voz de tua mulher e comeste da \u00e1rvore que eu te ordenara n\u00e3o comesses, maldita \u00e9 a terra por tua causa; em fadigas obter\u00e1s dela o sustento durante os dias de tua vida<\/b>.<\/p>\n<p>\u201c<b>maldita \u00e9 a terra por tua causa\u201d = <\/b>por causa da contamina\u00e7\u00e3o de <b>Ad\u00e3o<\/b><\/p>\n<p><span style=\"color: #000000;\"><span style=\"font-family: Arial, sans-serif;\"><b>Os Anjos<\/b><\/span><\/span><span style=\"color: #000000;\"><span style=\"font-family: Arial, sans-serif;\"> que faziam <\/span><\/span><span style=\"color: #000000;\"><span style=\"font-family: Arial, sans-serif;\"><b>os corte e translada\u00e7\u00f5es dos grandes blocos,<\/b><\/span><\/span><span style=\"color: #000000;\"><span style=\"font-family: Arial, sans-serif;\"> e tudo o mais, deixaram de interagir com os <\/span><\/span><span style=\"color: #000000;\"><span style=\"font-family: Arial, sans-serif;\"><b>ed\u00eanicos <\/b><\/span><\/span><span style=\"color: #000000;\"><span style=\"font-family: Arial, sans-serif;\">que continuaram a ser simples coletores at\u00e9 se desenvolverem segundo o <\/span><\/span><span style=\"color: #000000;\"><span style=\"font-family: Arial, sans-serif;\"><b>Dom e Genialidade<\/b><\/span><\/span><span style=\"color: #000000;\"><span style=\"font-family: Arial, sans-serif;\"> adquirido atrav\u00e9s do misterioso e enigm\u00e1tico nascimento estabelecido por <\/span><\/span><span style=\"color: #000000;\"><span style=\"font-family: Arial, sans-serif;\"><b>Deus <\/b><\/span><\/span><span style=\"color: #000000;\"><span style=\"font-family: Arial, sans-serif;\">ao criar o Homem com cerca de <\/span><\/span><span style=\"color: #000000;\"><span style=\"font-family: Arial, sans-serif;\"><b>200 milh\u00f5es de espermatozoides<\/b><\/span><\/span><span style=\"color: #000000;\"><span style=\"font-family: Arial, sans-serif;\"> e colocar aleatoriamente <\/span><\/span><span style=\"color: #000000;\"><span style=\"font-family: Arial, sans-serif;\"><b>Dons e Genialidades<\/b><\/span><\/span><span style=\"color: #000000;\"><span style=\"font-family: Arial, sans-serif;\"> nos <\/span><\/span><span style=\"color: #000000;\"><span style=\"font-family: Arial, sans-serif;\"><b>espermatozoides;<\/b><\/span><\/span><\/p>\n<p><span style=\"color: #000000;\"><span style=\"font-family: Arial, sans-serif;\">Esta \u00e9 a explica\u00e7\u00e3o para que nas\u00e7am pessoas com <\/span><\/span><span style=\"color: #000000;\"><span style=\"font-family: Arial, sans-serif;\"><b>dons e genialidades<\/b><\/span><\/span><span style=\"color: #000000;\"><span style=\"font-family: Arial, sans-serif;\"> amplamente mostradas em todos os lugares do <\/span><\/span><span style=\"color: #000000;\"><span style=\"font-family: Arial, sans-serif;\"><b>Planeta <\/b><\/span><\/span><span style=\"color: #000000;\"><span style=\"font-family: Arial, sans-serif;\">registrados pela <\/span><\/span><span style=\"color: #000000;\"><span style=\"font-family: Arial, sans-serif;\"><b>Hist\u00f3ria da Humanidade;<\/b><\/span><\/span><\/p>\n<p><span style=\"color: #000000;\"><span style=\"font-family: Arial, sans-serif;\">O <\/span><\/span><span style=\"color: #000000;\"><span style=\"font-family: Arial, sans-serif;\"><b>Artigo<\/b><\/span><\/span> <span style=\"color: #000000;\"><span style=\"font-family: Arial, sans-serif;\"><b>\u201cO POETA CRIADOR\u201d<\/b><\/span><\/span><span style=\"color: #000000;\"><span style=\"font-family: Arial, sans-serif;\"> postado no<\/span><\/span><span style=\"color: #000000;\"><span style=\"font-family: Arial, sans-serif;\"><b> Site<\/b><\/span><\/span><span style=\"color: #000000;\"><span style=\"font-family: Arial, sans-serif;\"> tem todas as explica\u00e7\u00f5es sobre o <\/span><\/span><span style=\"color: #000000;\"><span style=\"font-family: Arial, sans-serif;\"><b>Assunto<\/b><\/span><\/span><span style=\"color: #000000;\"><span style=\"font-family: Arial, sans-serif;\"> relacionado com os cerca de <\/span><\/span><span style=\"color: #000000;\"><span style=\"font-family: Arial, sans-serif;\"><b>200 milh\u00f5es<\/b><\/span><\/span><span style=\"color: #000000;\"><span style=\"font-family: Arial, sans-serif;\"> de <\/span><\/span><span style=\"color: #000000;\"><span style=\"font-family: Arial, sans-serif;\"><b>espermatozoides <\/b><\/span><\/span><span style=\"color: #000000;\"><span style=\"font-family: Arial, sans-serif;\">de uma \u00fanica ejacula\u00e7\u00e3o pelo homem e consequente nascimento com <\/span><\/span><span style=\"color: #000000;\"><span style=\"font-family: Arial, sans-serif;\"><b>dons e genealidade<\/b><\/span><\/span><span style=\"color: #000000;\"><span style=\"font-family: Arial, sans-serif;\"> desde a <\/span><\/span><span style=\"color: #000000;\"><span style=\"font-family: Arial, sans-serif;\"><b>antiguidade;<\/b><\/span><\/span><\/p>\n<p>&nbsp;<\/p>\n<p><span style=\"color: #000000;\"><span style=\"font-family: Arial, sans-serif;\"><b>AS ENIGM\u00c1TICAS E MISTERIOSAS CONSTRU\u00c7\u00d5ES DO PASSADO DA TERRA<\/b><\/span><\/span><\/p>\n<p><span style=\"color: #000000;\"><span style=\"font-family: Arial, sans-serif;\">https:\/\/www.youtube.com\/watch?v=fc8fQ8QcNqg<\/span><\/span><\/p>\n<p><span style=\"color: #000000;\"><span style=\"font-family: Arial, sans-serif;\">S\u00e3o <\/span><\/span><span style=\"color: #000000;\"><span style=\"font-family: Arial, sans-serif;\"><b>Provas <\/b><\/span><\/span><span style=\"color: #000000;\"><span style=\"font-family: Arial, sans-serif;\">deixadas por <\/span><\/span><span style=\"color: #000000;\"><span style=\"font-family: Arial, sans-serif;\"><b>Deus <\/b><\/span><\/span><span style=\"color: #000000;\"><span style=\"font-family: Arial, sans-serif;\">de um <\/span><\/span><span style=\"color: #000000;\"><span style=\"font-family: Arial, sans-serif;\"><b>Passado Perfeito;<\/b><\/span><\/span><\/p>\n<p><span style=\"color: #000000;\"><span style=\"font-family: Arial, sans-serif;\"><b>Lamentavelmente<\/b><\/span><\/span><span style=\"color: #000000;\"><span style=\"font-family: Arial, sans-serif;\">, os <\/span><\/span><span style=\"color: #000000;\"><span style=\"font-family: Arial, sans-serif;\"><b>cientistas <\/b><\/span><\/span><span style=\"color: #000000;\"><span style=\"font-family: Arial, sans-serif;\">insistem em n\u00e3o acreditar em <\/span><\/span><span style=\"color: #000000;\"><span style=\"font-family: Arial, sans-serif;\"><b>Deus,<\/b><\/span><\/span><span style=\"color: #000000;\"><span style=\"font-family: Arial, sans-serif;\"> e mais, fazem men\u00e7\u00e3o de <\/span><\/span><span style=\"color: #000000;\"><span style=\"font-family: Arial, sans-serif;\"><b>extraterrestres<\/b><\/span><\/span><span style=\"color: #000000;\"><span style=\"font-family: Arial, sans-serif;\"> como sendo os respons\u00e1veis pelo que eles n\u00e3o conseguem entender;<\/span><\/span><\/p>\n<p><span style=\"color: #000000;\"><span style=\"font-family: Arial, sans-serif;\">Minhas experi\u00eancias de translada\u00e7\u00e3o de um lugar para outro conforme meus testemunhos postados no Site na Se\u00e7\u00e3o <\/span><\/span><span style=\"color: #000000;\"><span style=\"font-family: Arial, sans-serif;\"><b>\u201cO AUTOR\u201d <\/b><\/span><\/span><span style=\"color: #000000;\"><span style=\"font-family: Arial, sans-serif;\">deixam-me \u00e0 vontade para dizer que o <\/span><\/span><span style=\"color: #000000;\"><span style=\"font-family: Arial, sans-serif;\"><b>Reino de<\/b><\/span><\/span> <span style=\"color: #000000;\"><span style=\"font-family: Arial, sans-serif;\"><b>Deus<\/b><\/span><\/span><span style=\"color: #000000;\"><span style=\"font-family: Arial, sans-serif;\"> tem tudo a ver com o <\/span><\/span><span style=\"color: #000000;\"><span style=\"font-family: Arial, sans-serif;\"><b>Passado da Terra<\/b><\/span><\/span><span style=\"color: #000000;\"><span style=\"font-family: Arial, sans-serif;\">, abrangendo os <\/span><\/span><span style=\"color: #000000;\"><span style=\"font-family: Arial, sans-serif;\"><b>Dinossauros <\/b><\/span><\/span><span style=\"color: #000000;\"><span style=\"font-family: Arial, sans-serif;\">e as <\/span><\/span><span style=\"color: #000000;\"><span style=\"font-family: Arial, sans-serif;\"><b>Constru\u00e7\u00f5es Megal\u00edticas<\/b><\/span><\/span><span style=\"color: #000000;\"><span style=\"font-family: Arial, sans-serif;\"> e tudo que a <\/span><\/span><span style=\"color: #000000;\"><span style=\"font-family: Arial, sans-serif;\"><b>Ci\u00eancia n\u00e3o explica;<\/b><\/span><\/span><\/p>\n<p><img decoding=\"async\" class=\"alignnone wp-image-17364\" src=\"https:\/\/assuntospolemicosdabiblia.com\/blog\/wp-content\/uploads\/2024\/12\/Screenshot_185-300x129.png\" alt=\"\" width=\"623\" height=\"268\" \/><\/p>\n<p>&nbsp;<\/p>\n<p>A <b>Foto <\/b>acima, como muitos exemplos, \u00e9 uma<b> <\/b><span style=\"color: #ff0000;\"><b>evid\u00eancia<\/b><\/span> de que n\u00e3o foram os <b>INCAS <\/b>que constru\u00edram este complexo dispositivo arquitet\u00f4nico; Tudo aconteceu durante o <b>Per\u00edodo <\/b> <b>Ed\u00eanico<\/b> que com o <b>Poder de Deus<\/b> deixaram as <span style=\"color: #ff0000;\"><b>Evid\u00eancias<\/b><\/span> do <b>Per\u00edodo Perfeito<\/b> que a <b>Terra <\/b>desfrutou antes da contamina\u00e7\u00e3o do <b>Mau;<\/b><\/p>\n<p>As <b>Fotos<\/b> abaixo s\u00e3o reprodu\u00e7\u00f5es da<b> History<\/b> de ampla divulga\u00e7\u00e3o nos meios de comunica\u00e7\u00f5es em que os<b> cientistas<\/b> n\u00e3o encontram explica\u00e7\u00e3o para sua constru\u00e7\u00e3o, bem como, o transporte da <b>Pedreira de Baalbek;<\/b><\/p>\n<p><img decoding=\"async\" class=\"alignnone wp-image-17363\" src=\"https:\/\/assuntospolemicosdabiblia.com\/blog\/wp-content\/uploads\/2024\/12\/Screenshot_186-300x129.png\" alt=\"\" width=\"602\" height=\"259\" \/><\/p>\n<p><b>O Impressionante s\u00e3o os cortes perfeitos, a retirada das pedreiras, a modula\u00e7\u00e3o dos blocos de centenas e de milhares de toneladas, transportadas para longas dist\u00e2ncias e encaixes perfeitos nas disposi\u00e7\u00f5es das Estruturas<\/b>.<\/p>\n<p><img loading=\"lazy\" decoding=\"async\" class=\"alignnone wp-image-17362\" src=\"https:\/\/assuntospolemicosdabiblia.com\/blog\/wp-content\/uploads\/2024\/12\/Screenshot_187-300x129.png\" alt=\"\" width=\"626\" height=\"269\" \/><\/p>\n<p>A <span style=\"color: #ff0000;\"><b>pedra acima<\/b><\/span> chamada de <b>\u201cPedra da Mulher Gr\u00e1vida\u201d<\/b> \u00e9 uma<span style=\"color: #ff0000;\"><b> evid\u00eancia<\/b><\/span> de que n\u00e3o foi realizada sua utiliza\u00e7\u00e3o e deixada como est\u00e1, <b>ao que tudo indica,<\/b> por ter cessado o <b>Per\u00edodo<\/b> <b>Ed\u00eanico<\/b>, conforme amplas explica\u00e7\u00f5es <b>Teol\u00f3gicas<\/b> sobre o <b>Mau <\/b>que contaminou a <b>Terra;<\/b><\/p>\n<p><b>Bem entendido:<\/b> Quem operava todo o processo de <b>corte, translada\u00e7\u00e3o<\/b> e <b>constru\u00e7\u00e3o dos<\/b> <b>blocos<\/b> eram os <b>Anjos<\/b> durante o <b>Per\u00edodo Perfeito<\/b>, por\u00e9m com a perda da <b>Perfei\u00e7\u00e3o <\/b>imediatamente deixaram de interagir com os <b>Ed\u00eanicos<\/b>.<\/p>\n<p>Estes s\u00e3o apenas dois exemplos, <b>entre muitos outros<\/b>, que est\u00e3o encobertos ao entendimento humano, pois, foram constru\u00eddos no <b>Per\u00edodo Ed\u00eanico<\/b> em que a <b>Terra era Perfeita<\/b> e desfrutava de todo o <b>Poder de Deus,<\/b> em que os <b>Anjos<\/b> interagiam com os <b>Filhos de Ad\u00e3o e Eva<\/b> que se multiplicaram pela face da Terra;<\/p>\n<p><span style=\"color: #000000;\"><span style=\"font-family: Arial, sans-serif;\">E <\/span><\/span><span style=\"color: #000000;\"><span style=\"font-family: Arial, sans-serif;\"><b>Deus os aben\u00e7oou,<\/b><\/span><\/span><span style=\"color: #000000;\"><span style=\"font-family: Arial, sans-serif;\"> e <\/span><\/span><span style=\"color: #000000;\"><span style=\"font-family: Arial, sans-serif;\"><b>Deus lhes disse:<\/b><\/span><\/span><span style=\"color: #000000;\"><span style=\"font-family: Arial, sans-serif;\"> Frutificai e multiplicai-vos, e <\/span><\/span><span style=\"color: #000000;\"><span style=\"font-family: Arial, sans-serif;\"><b>enchei a terra,<\/b><\/span><\/span><span style=\"color: #000000;\"><span style=\"font-family: Arial, sans-serif;\"> e sujeitai-a; e dominai sobre os peixes do mar e sobre as aves dos c\u00e9us, e sobre todo o animal que se move sobre a terra. <\/span><\/span><span style=\"color: #000000;\"><span style=\"font-family: Arial, sans-serif;\"><b>G\u00eanesis 1: 28;<\/b><\/span><\/span><\/p>\n<p><b>Bem entendido:<\/b> O <b>Per\u00edodo Ed\u00eanico<\/b> durou <b>milhares de anos<\/b>, e os filhos de <b>Ad\u00e3o e Eva<\/b> foram se espalhando por todo o <b>Planeta,<\/b> conforme ampla explica\u00e7\u00e3o nos <b>Artigos:<\/b><\/p>\n<p><span style=\"color: #ff0000;\"><span style=\"font-family: Arial, sans-serif;\">OS FILHOS DE AD\u00c3O E EVA NO \u00c9DEN<\/span><\/span><\/p>\n<p><span style=\"color: #ff0000;\"><span style=\"font-family: Arial, sans-serif;\"><b>AD\u00c3O E A ORIGEM DAS RA\u00c7\u00c3S<\/b><\/span><\/span><\/p>\n<p><span style=\"color: #000000;\"><span style=\"font-family: Arial, sans-serif;\"><b>BEM ENTENDIDO:<\/b><\/span><\/span><span style=\"color: #000000;\"><span style=\"font-family: Arial, sans-serif;\"> Eu explico que os dias da <\/span><\/span><span style=\"color: #000000;\"><span style=\"font-family: Arial, sans-serif;\"><b>Cria\u00e7\u00e3o de Deus,<\/b><\/span><\/span><span style=\"color: #000000;\"><span style=\"font-family: Arial, sans-serif;\"> em <\/span><\/span><span style=\"color: #000000;\"><span style=\"font-family: Arial, sans-serif;\"><b>G\u00eanesis,<\/b><\/span><\/span><span style=\"color: #000000;\"><span style=\"font-family: Arial, sans-serif;\"> n\u00e3o s\u00e3o <\/span><\/span><span style=\"color: #000000;\"><span style=\"font-family: Arial, sans-serif;\"><b>Literais<\/b><\/span><\/span><span style=\"color: #000000;\"><span style=\"font-family: Arial, sans-serif;\">, e todo o <\/span><\/span><span style=\"color: #000000;\"><span style=\"font-family: Arial, sans-serif;\"><b>Passado da Terra<\/b><\/span><\/span><span style=\"color: #000000;\"><span style=\"font-family: Arial, sans-serif;\"> que este<\/span><\/span><span style=\"color: #000000;\"><span style=\"font-family: Arial, sans-serif;\"><b> Artigo<\/b><\/span><\/span><span style=\"color: #000000;\"><span style=\"font-family: Arial, sans-serif;\"> e os indicados aborda, corrobora que s\u00e3o <\/span><\/span><span style=\"color: #000000;\"><span style=\"font-family: Arial, sans-serif;\"><b>Enigm\u00e1ticos;<\/b><\/span><\/span><\/p>\n<p><span style=\"color: #000000;\"><span style=\"font-family: Arial, sans-serif;\"><b>Desta forma<\/b><\/span><\/span><span style=\"color: #000000;\"><span style=\"font-family: Arial, sans-serif;\"> s\u00f3 resta uma explica\u00e7\u00e3o para os <\/span><\/span><span style=\"color: #000000;\"><span style=\"font-family: Arial, sans-serif;\"><b>Enigmas e Mist\u00e9rios da Antiguidade<\/b><\/span><\/span><span style=\"color: #000000;\"><span style=\"font-family: Arial, sans-serif;\"> que envolve o inexplic\u00e1vel amplamente divulgados pelos mais importantes meios de Comunica\u00e7\u00f5es na TV, na Internet, em Livros, Etc&#8230; <\/span><\/span><\/p>\n<p><span style=\"color: #000000;\"><span style=\"font-family: Arial, sans-serif;\"><b>A explica\u00e7\u00e3o<\/b><\/span><\/span><span style=\"color: #000000;\"><span style=\"font-family: Arial, sans-serif;\">, ao que tudo indica, encontra-se na <\/span><\/span><span style=\"color: #000000;\"><span style=\"font-family: Arial, sans-serif;\"><b>B\u00edblia <\/b><\/span><\/span><span style=\"color: #000000;\"><span style=\"font-family: Arial, sans-serif;\">durante o <\/span><\/span><span style=\"color: #000000;\"><span style=\"font-family: Arial, sans-serif;\"><b>Per\u00edodo<\/b><\/span><\/span><span style=\"color: #000000;\"><span style=\"font-family: Arial, sans-serif;\"> em que o <\/span><\/span><span style=\"color: #000000;\"><span style=\"font-family: Arial, sans-serif;\"><b>Planeta <\/b><\/span><\/span><span style=\"color: #000000;\"><span style=\"font-family: Arial, sans-serif;\">possu\u00eda a <\/span><\/span><span style=\"color: #000000;\"><span style=\"font-family: Arial, sans-serif;\"><b>Perfei\u00e7\u00e3o em Deus,<\/b><\/span><\/span><span style=\"color: #000000;\"><span style=\"font-family: Arial, sans-serif;\"> at\u00e9 que foi contaminada pelo<\/span><\/span><span style=\"color: #000000;\"><span style=\"font-family: Arial, sans-serif;\"><b> Mau<\/b><\/span><\/span><span style=\"color: #000000;\"><span style=\"font-family: Arial, sans-serif;\"> e perdeu a <\/span><\/span><span style=\"color: #000000;\"><span style=\"font-family: Arial, sans-serif;\"><b>Perfei\u00e7\u00e3o;<\/b><\/span><\/span> <span style=\"color: #000000;\"><span style=\"font-family: Arial, sans-serif;\"><b>G\u00eanesis 3: 17;<\/b><\/span><\/span><\/p>\n<p>&nbsp;<\/p>\n<p><span style=\"color: #000000;\"><span style=\"font-family: Arial, sans-serif;\"><b>CONCLUS\u00c3O<\/b><\/span><\/span><\/p>\n<p><span style=\"color: #000000;\"><span style=\"font-family: Arial, sans-serif;\">As<\/span><\/span> <span style=\"color: #ff0000;\"><span style=\"font-family: Arial, sans-serif;\"><b>EVID\u00caNCIAS <\/b><\/span><\/span><span style=\"color: #000000;\"><span style=\"font-family: Arial, sans-serif;\">ficaram para mostrar, enigmaticamente, que o <\/span><\/span><span style=\"color: #000000;\"><span style=\"font-family: Arial, sans-serif;\"><b>passado da Terra<\/b><\/span><\/span><span style=\"color: #000000;\"><span style=\"font-family: Arial, sans-serif;\"> desfrutou do <\/span><\/span><span style=\"color: #000000;\"><span style=\"font-family: Arial, sans-serif;\"><b>Poder de Deus<\/b><\/span><\/span><span style=\"color: #000000;\"><span style=\"font-family: Arial, sans-serif;\"> antes da contamina\u00e7\u00e3o pelo <\/span><\/span><span style=\"color: #000000;\"><span style=\"font-family: Arial, sans-serif;\"><b>Mau,<\/b><\/span><\/span><span style=\"color: #000000;\"><span style=\"font-family: Arial, sans-serif;\"> quando os <\/span><\/span><span style=\"color: #000000;\"><span style=\"font-family: Arial, sans-serif;\"><b>Anjos <\/b><\/span><\/span><span style=\"color: #000000;\"><span style=\"font-family: Arial, sans-serif;\">interagiam com os <\/span><\/span><span style=\"color: #000000;\"><span style=\"font-family: Arial, sans-serif;\"><b>Ed\u00eanicos;<\/b><\/span><\/span><\/p>\n<p><span style=\"color: #000000;\"><span style=\"font-family: Arial, sans-serif;\"><b>Precisa ficar entendido que todo o Per\u00edodo Ed\u00eanico est\u00e1 envolto em Enigma e Mist\u00e9rio, e que durou milhares de anos, e esses detalhes t\u00eam sido ignorado pelos Te\u00f3logos B\u00edblicos;<\/b><\/span><\/span><\/p>\n<p><span style=\"color: #000000;\"><span style=\"font-family: Arial, sans-serif;\">Ap\u00f3s a contamina\u00e7\u00e3o pelo <\/span><\/span><span style=\"color: #000000;\"><span style=\"font-family: Arial, sans-serif;\"><b>Mau <\/b><\/span><\/span><span style=\"color: #000000;\"><span style=\"font-family: Arial, sans-serif;\">os Anjos se retiraram e os que nasceram durante o Per\u00edodo Ed\u00eanico continuaram desfrutando de tudo o que foi criado, por\u00e9m sob a influ\u00eancia do <\/span><\/span><span style=\"color: #000000;\"><span style=\"font-family: Arial, sans-serif;\"><b>Mau<\/b><\/span><\/span><span style=\"color: #000000;\"><span style=\"font-family: Arial, sans-serif;\">, como afirma <\/span><\/span><span style=\"color: #000000;\"><span style=\"font-family: Arial, sans-serif;\"><b>1\u00aa Jo\u00e3o 5: 19:<\/b><\/span><\/span><\/p>\n<p><span style=\"color: #000000;\"><span style=\"font-family: Arial, sans-serif;\"><b>19 :<\/b><\/span><\/span><span style=\"color: #000000;\"><span style=\"font-family: Arial, sans-serif;\"> Sabemos que somos de <\/span><\/span><span style=\"color: #000000;\"><span style=\"font-family: Arial, sans-serif;\"><b>Deus<\/b><\/span><\/span><span style=\"color: #000000;\"><span style=\"font-family: Arial, sans-serif;\">, e que todo o mundo est\u00e1 no <\/span><\/span><span style=\"color: #000000;\"><span style=\"font-family: Arial, sans-serif;\"><b>maligno<\/b><\/span><\/span><\/p>\n<p><span style=\"color: #000000;\"><span style=\"font-family: Arial, sans-serif;\">As coisas encobertas pertencem ao <\/span><\/span><span style=\"color: #000000;\"><span style=\"font-family: Arial, sans-serif;\"><b>Senhor nosso Deus,<\/b><\/span><\/span><span style=\"color: #000000;\"><span style=\"font-family: Arial, sans-serif;\"> por\u00e9m as reveladas nos pertencem a n\u00f3s e a nossos filhos para sempre, para que cumpramos todas as palavras desta lei. <\/span><\/span><span style=\"color: #000000;\"><span style=\"font-family: Arial, sans-serif;\"><b>Deuteron\u00f4mio 29: 29;<\/b><\/span><\/span><\/p>\n<p><span style=\"color: #000000;\"><span style=\"font-family: Arial, sans-serif;\"><b>Deus <\/b><\/span><\/span><span style=\"color: #000000;\"><span style=\"font-family: Arial, sans-serif;\">fala por Enigmas \u2013 <\/span><\/span><span style=\"color: #000000;\"><span style=\"font-family: Arial, sans-serif;\"><b>N\u00fameros 12: 8<\/b><\/span><\/span><\/p>\n<p><span style=\"color: #000000;\"><span style=\"font-family: Arial, sans-serif;\">Boca a boca falo com ele, claramente <\/span><\/span><span style=\"color: #ff0000;\"><span style=\"font-family: Arial, sans-serif;\">e n\u00e3o por enigmas; <\/span><\/span><span style=\"color: #000000;\"><span style=\"font-family: Arial, sans-serif;\">pois ele v\u00ea a semelhan\u00e7a do Senhor; por que, pois, n\u00e3o tivestes temor de falar contra o meu servo, contra Mois\u00e9s? <\/span><\/span><span style=\"color: #000000;\"><span style=\"font-family: Arial, sans-serif;\"><b>N\u00fameros 12: 8;<\/b><\/span><\/span><\/p>\n<p><span style=\"color: #000000;\"><span style=\"font-family: Arial, sans-serif;\">Para <\/span><\/span><span style=\"color: #000000;\"><span style=\"font-family: Arial, sans-serif;\"><b>Deus <\/b><\/span><\/span><span style=\"color: #000000;\"><span style=\"font-family: Arial, sans-serif;\">n\u00e3o existe imposs\u00edveis<\/span><\/span><\/p>\n<p><span style=\"color: #000000;\"><span style=\"font-family: Arial, sans-serif;\">Tudo \u00e9 poss\u00edvel para <\/span><\/span><span style=\"color: #000000;\"><span style=\"font-family: Arial, sans-serif;\"><b>Deus<\/b><\/span><\/span><\/p>\n<p><span style=\"color: #000000;\"><span style=\"font-family: Arial, sans-serif;\">Mas ele respondeu: As coisas que s\u00e3o imposs\u00edveis aos homens s\u00e3o poss\u00edveis a <\/span><\/span><span style=\"color: #000000;\"><span style=\"font-family: Arial, sans-serif;\"><b>Deus.<\/b><\/span><\/span> <span style=\"color: #000000;\"><span style=\"font-family: Arial, sans-serif;\"><b>Lucas 18: 27<\/b><\/span><\/span><\/p>\n<p><span style=\"color: #000000;\"><span style=\"font-family: Arial, sans-serif;\"><b>E disse-lhes:<\/b><\/span><\/span><span style=\"color: #000000;\"><span style=\"font-family: Arial, sans-serif;\"> Onde est\u00e1 a vossa f\u00e9? E eles, temendo, maravilharam-se, dizendo uns aos outros: Quem \u00e9 este, que at\u00e9 aos ventos e \u00e0 \u00e1gua manda, e lhe obedecem? <\/span><\/span><span style=\"color: #000000;\"><span style=\"font-family: Arial, sans-serif;\"><b>Lucas 8: 25<\/b><\/span><\/span><span style=\"color: #000000;\"><span style=\"font-family: Arial, sans-serif;\">.<\/span><\/span><\/p>\n<p>&nbsp;<\/p>\n<p><span style=\"color: #000000;\"><span style=\"font-family: Arial, sans-serif;\"><b>REFER\u00caNCIAS ENIGM\u00c1TICAS DE TRANSLADA\u00c7\u00c3O:<\/b><\/span><\/span><\/p>\n<p><span style=\"color: #000000;\"><span style=\"font-family: Arial, sans-serif;\"><b>E Jesus lhes disse<\/b><\/span><\/span><span style=\"color: #000000;\"><span style=\"font-family: Arial, sans-serif;\">: Por causa de vossa incredulidade; porque em verdade vos digo que, se tiverdes f\u00e9 como um gr\u00e3o de mostarda, direis a este monte: Passa daqui para acol\u00e1, e h\u00e1 de passar; e nada vos ser\u00e1 imposs\u00edvel. <\/span><\/span><span style=\"color: #000000;\"><span style=\"font-family: Arial, sans-serif;\"><b>Mateus 17: 20<\/b><\/span><\/span><\/p>\n<p><span style=\"color: #000000;\"><span style=\"font-family: Arial, sans-serif;\"><b>E Jesus lhes disse:<\/b><\/span><\/span><span style=\"color: #000000;\"><span style=\"font-family: Arial, sans-serif;\"> Por causa de vossa incredulidade; porque em verdade vos digo que, se tiverdes f\u00e9 como um gr\u00e3o de mostarda, direis a este monte: Passa daqui para acol\u00e1, e h\u00e1 de passar; e nada vos ser\u00e1 imposs\u00edvel. <\/span><\/span><span style=\"color: #000000;\"><span style=\"font-family: Arial, sans-serif;\"><b>Mateus 17: 20<\/b><\/span><\/span><\/p>\n<p><span style=\"color: #000000;\"><span style=\"font-family: Arial, sans-serif;\">Estavas vendo isto, quando <\/span><\/span><span style=\"color: #ff0000;\"><span style=\"font-family: Arial, sans-serif;\"><b>uma pedra foi cortada, sem aux\u00edlio de m\u00e3o,<\/b><\/span><\/span> <span style=\"color: #000000;\"><span style=\"font-family: Arial, sans-serif;\">a qual feriu a est\u00e1tua nos p\u00e9s de ferro e de barro, e os esmiu\u00e7ou. <\/span><\/span><span style=\"color: #000000;\"><span style=\"font-family: Arial, sans-serif;\"><b>Daniel 2: 34.<\/b><\/span><\/span><\/p>\n<p><span style=\"color: #000000;\"><span style=\"font-family: Arial, sans-serif;\">E sentiram um grande temor, e diziam uns aos outros: Mas quem \u00e9 este, que at\u00e9 o vento e o mar lhe obedecem? <\/span><\/span><span style=\"color: #000000;\"><span style=\"font-family: Arial, sans-serif;\"><b>Marcos 4: 41<\/b><\/span><\/span><\/p>\n<p><span style=\"color: #ff0000;\"><span style=\"font-family: Arial, sans-serif;\"><b>BEM ENTENDIDO: <\/b><\/span><\/span><span style=\"color: #000000;\"><span style=\"font-family: Arial, sans-serif;\"><b>Cortar pedra, modelar, transladar, construir <\/b><\/span><\/span><span style=\"color: #ff0000;\"><span style=\"font-family: Arial, sans-serif;\"><b>sem aux\u00edlio de m\u00e3os <\/b><\/span><\/span><span style=\"color: #000000;\"><span style=\"font-family: Arial, sans-serif;\"><b>e tudo o mais \u00e9 poss\u00edvel pelo Poder de Deus, entendeu?! <\/b><\/span><\/span><\/p>\n<p><img loading=\"lazy\" decoding=\"async\" class=\"alignnone wp-image-17361\" src=\"https:\/\/assuntospolemicosdabiblia.com\/blog\/wp-content\/uploads\/2024\/12\/Screenshot_188-300x151.png\" alt=\"\" width=\"598\" height=\"301\" \/><\/p>\n<p><span style=\"color: #000000;\"><span style=\"font-family: Arial, sans-serif;\"><b>Foto emprestada de mat\u00e9ria do youtube<\/b><\/span><\/span><\/p>\n<p><a name=\"_GoBack\"><\/a><\/p>\n<p><span style=\"color: #000000;\"><span style=\"font-family: Arial, sans-serif;\"><b>CONCLUS\u00c3O FINAL<\/b><\/span><\/span><\/p>\n<p><span style=\"color: #000000;\"><span style=\"font-family: Arial, sans-serif;\">Apesar de todas as <\/span><\/span><span style=\"color: #ff0000;\"><span style=\"font-family: Arial, sans-serif;\"><b>evid\u00eancias<\/b><\/span><\/span><span style=\"color: #000000;\"><span style=\"font-family: Arial, sans-serif;\"> este <\/span><\/span><span style=\"color: #000000;\"><span style=\"font-family: Arial, sans-serif;\"><b>Artigo<\/b><\/span><\/span><span style=\"color: #000000;\"><span style=\"font-family: Arial, sans-serif;\"> foi o que mais eu tive dificuldade de compor;<\/span><\/span><\/p>\n<p><span style=\"color: #000000;\"><span style=\"font-family: Arial, sans-serif;\">As <\/span><\/span><span style=\"color: #ff0000;\"><span style=\"font-family: Arial, sans-serif;\"><b>evid\u00eancias<\/b><\/span><\/span><span style=\"color: #000000;\"><span style=\"font-family: Arial, sans-serif;\"> do <\/span><\/span><span style=\"color: #000000;\"><span style=\"font-family: Arial, sans-serif;\"><b>Poder de Deus<\/b><\/span><\/span><span style=\"color: #000000;\"><span style=\"font-family: Arial, sans-serif;\"> no <\/span><\/span><span style=\"color: #000000;\"><span style=\"font-family: Arial, sans-serif;\"><b>Assunto<\/b><\/span><\/span><span style=\"color: #000000;\"><span style=\"font-family: Arial, sans-serif;\"> postado est\u00e3o por todo o <\/span><\/span><span style=\"color: #000000;\"><span style=\"font-family: Arial, sans-serif;\"><b>Planeta,<\/b><\/span><\/span><span style=\"color: #000000;\"><span style=\"font-family: Arial, sans-serif;\"> por\u00e9m sob <\/span><\/span><span style=\"color: #000000;\"><span style=\"font-family: Arial, sans-serif;\"><b>Enigmas e Mist\u00e9rios<\/b><\/span><\/span><span style=\"color: #000000;\"><span style=\"font-family: Arial, sans-serif;\"> de uma profundidade <\/span><\/span><span style=\"color: #000000;\"><span style=\"font-family: Arial, sans-serif;\"><b>Metaf\u00edsica <\/b><\/span><\/span><span style=\"color: #000000;\"><span style=\"font-family: Arial, sans-serif;\">envolvendo o que \u00e9 <\/span><\/span><span style=\"color: #000000;\"><span style=\"font-family: Arial, sans-serif;\"><b>F\u00edsico;<\/b><\/span><\/span><\/p>\n<p><span style=\"color: #000000;\"><span style=\"font-family: Arial, sans-serif;\"><b>Metaf\u00edsico <\/b><\/span><\/span><span style=\"color: #000000;\"><span style=\"font-family: Arial, sans-serif;\">= o que est\u00e1 al\u00e9m do que \u00e9 <\/span><\/span><span style=\"color: #000000;\"><span style=\"font-family: Arial, sans-serif;\"><b>f\u00edsico, por exemplo;<\/b><\/span><\/span><\/p>\n<p><span style=\"color: #000000;\"><span style=\"font-family: Arial, sans-serif;\">Todo o <\/span><\/span><span style=\"color: #000000;\"><span style=\"font-family: Arial, sans-serif;\"><b>Enigma do Assunto \u00e9 f\u00edsico,<\/b><\/span><\/span><span style=\"color: #000000;\"><span style=\"font-family: Arial, sans-serif;\"> por\u00e9m o <\/span><\/span><span style=\"color: #000000;\"><span style=\"font-family: Arial, sans-serif;\"><b>Mist\u00e9rio \u00e9 metaf\u00edsico;<\/b><\/span><\/span><\/p>\n<p><span style=\"color: #000000;\"><span style=\"font-family: Arial, sans-serif;\">O que \u00e9 <\/span><\/span><span style=\"color: #000000;\"><span style=\"font-family: Arial, sans-serif;\"><b>f\u00edsico <\/b><\/span><\/span><span style=\"color: #000000;\"><span style=\"font-family: Arial, sans-serif;\">est\u00e1 bem definido o seu prop\u00f3sito <\/span><\/span><span style=\"color: #000000;\"><span style=\"font-family: Arial, sans-serif;\"><b>enigm\u00e1tico;<\/b><\/span><\/span><\/p>\n<p><span style=\"color: #000000;\"><span style=\"font-family: Arial, sans-serif;\">O que \u00e9 <\/span><\/span><span style=\"color: #000000;\"><span style=\"font-family: Arial, sans-serif;\"><b>metafisico<\/b><\/span><\/span><span style=\"color: #000000;\"><span style=\"font-family: Arial, sans-serif;\"> est\u00e1 envolto em <\/span><\/span><span style=\"color: #000000;\"><span style=\"font-family: Arial, sans-serif;\"><b>Mist\u00e9rio,<\/b><\/span><\/span><span style=\"color: #000000;\"><span style=\"font-family: Arial, sans-serif;\"> isto \u00e9, <\/span><\/span><span style=\"color: #000000;\"><span style=\"font-family: Arial, sans-serif;\"><b>\u201csobrenatural\u201d<\/b><\/span><\/span><span style=\"color: #000000;\"><span style=\"font-family: Arial, sans-serif;\"> a forma como foi realizado o <\/span><\/span><span style=\"color: #000000;\"><span style=\"font-family: Arial, sans-serif;\"><b>f\u00edsico<\/b><\/span><\/span><span style=\"color: #000000;\"><span style=\"font-family: Arial, sans-serif;\"> e quem <\/span><\/span><span style=\"color: #000000;\"><span style=\"font-family: Arial, sans-serif;\"><b>realizou;<\/b><\/span><\/span><\/p>\n<p><span style=\"color: #000000;\"><span style=\"font-family: Arial, sans-serif;\">Quem <\/span><\/span><span style=\"color: #000000;\"><span style=\"font-family: Arial, sans-serif;\"><b>realizou<\/b><\/span><\/span><span style=\"color: #000000;\"><span style=\"font-family: Arial, sans-serif;\"> foram <\/span><\/span><span style=\"color: #000000;\"><span style=\"font-family: Arial, sans-serif;\"><b>Seres sobrenaturais<\/b><\/span><\/span><span style=\"color: #000000;\"><span style=\"font-family: Arial, sans-serif;\"> pertencente ao <\/span><\/span><span style=\"color: #000000;\"><span style=\"font-family: Arial, sans-serif;\"><b>Plano Metaf\u00edsico<\/b><\/span><\/span><span style=\"color: #000000;\"><span style=\"font-family: Arial, sans-serif;\"> num <\/span><\/span><span style=\"color: #000000;\"><span style=\"font-family: Arial, sans-serif;\"><b>Per\u00edodo de Tempo<\/b><\/span><\/span><span style=\"color: #000000;\"><span style=\"font-family: Arial, sans-serif;\"> em que o <\/span><\/span><span style=\"color: #000000;\"><span style=\"font-family: Arial, sans-serif;\"><b>Metaf\u00edsico<\/b><\/span><\/span><span style=\"color: #000000;\"><span style=\"font-family: Arial, sans-serif;\"> interagia com o <\/span><\/span><span style=\"color: #000000;\"><span style=\"font-family: Arial, sans-serif;\"><b>F\u00edsico Humano,<\/b><\/span><\/span><span style=\"color: #000000;\"><span style=\"font-family: Arial, sans-serif;\"> por <\/span><\/span><span style=\"color: #000000;\"><span style=\"font-family: Arial, sans-serif;\"><b>Gra\u00e7a do Poder<\/b><\/span><\/span> <span style=\"color: #000000;\"><span style=\"font-family: Arial, sans-serif;\"><b>Criador do F\u00edsico e do Metaf\u00edsico,<\/b><\/span><\/span><span style=\"color: #000000;\"><span style=\"font-family: Arial, sans-serif;\"> de acordo com<\/span><\/span><span style=\"color: #000000;\"><span style=\"font-family: Arial, sans-serif;\"><b> prop\u00f3sito<\/b><\/span><\/span><span style=\"color: #000000;\"><span style=\"font-family: Arial, sans-serif;\"> do <\/span><\/span><span style=\"color: #000000;\"><span style=\"font-family: Arial, sans-serif;\"><b>Reino Celestial aqui na Terra;<\/b><\/span><\/span><\/p>\n<p><span style=\"color: #000000;\"><span style=\"font-family: Arial, sans-serif;\"><b>O Planeta<\/b><\/span><\/span><span style=\"color: #000000;\"><span style=\"font-family: Arial, sans-serif;\"> est\u00e1 repleto de<\/span><\/span> <span style=\"color: #ff0000;\"><span style=\"font-family: Arial, sans-serif;\"><b>EVID\u00caNCIAS <\/b><\/span><\/span><span style=\"color: #000000;\"><span style=\"font-family: Arial, sans-serif;\">Metaf\u00edsicas e F\u00edsicas, por\u00e9m misteriosas e enigm\u00e1ticas;<\/span><\/span><\/p>\n<p><span style=\"color: #000000;\"><span style=\"font-family: Arial, sans-serif;\">N\u00e3o deixe de ler o Artigo <\/span><\/span><span style=\"color: #000000;\"><span style=\"font-family: Arial, sans-serif;\"><b>\u201cO ENIGMA DOS DISCOS VOADORES\u201d,<\/b><\/span><\/span><span style=\"color: #000000;\"><span style=\"font-family: Arial, sans-serif;\"> um dos mais intrigantes <\/span><\/span><span style=\"color: #000000;\"><span style=\"font-family: Arial, sans-serif;\"><b>F\u00edsico e Metaf\u00edsico<\/b><\/span><\/span><span style=\"color: #000000;\"><span style=\"font-family: Arial, sans-serif;\">, sinais do C\u00e9u, no <\/span><\/span><span style=\"color: #000000;\"><span style=\"font-family: Arial, sans-serif;\"><b>Site;<\/b><\/span><\/span><\/p>\n<p><span style=\"color: #000000;\"><span style=\"font-family: Arial, sans-serif;\">Diante das <\/span><\/span><span style=\"color: #ff0000;\"><span style=\"font-family: Arial, sans-serif;\"><b>evid\u00eancias<\/b><\/span><\/span> <span style=\"color: #000000;\"><span style=\"font-family: Arial, sans-serif;\"><b>F\u00edsicas<\/b><\/span><\/span><span style=\"color: #000000;\"><span style=\"font-family: Arial, sans-serif;\"> e <\/span><\/span><span style=\"color: #000000;\"><span style=\"font-family: Arial, sans-serif;\"><b>Metaf\u00edsicas <\/b><\/span><\/span><span style=\"color: #000000;\"><span style=\"font-family: Arial, sans-serif;\">deixadas por<\/span><\/span><span style=\"color: #000000;\"><span style=\"font-family: Arial, sans-serif;\"><b> Deus<\/b><\/span><\/span><span style=\"color: #000000;\"><span style=\"font-family: Arial, sans-serif;\"> no <\/span><\/span><span style=\"color: #000000;\"><span style=\"font-family: Arial, sans-serif;\"><b>passado da Terra<\/b><\/span><\/span><span style=\"color: #000000;\"><span style=\"font-family: Arial, sans-serif;\"> \u00e9 de <\/span><\/span><span style=\"color: #000000;\"><span style=\"font-family: Arial, sans-serif;\"><b>bom alvitre<\/b><\/span><\/span><span style=\"color: #000000;\"><span style=\"font-family: Arial, sans-serif;\"> que a<\/span><\/span><span style=\"color: #000000;\"><span style=\"font-family: Arial, sans-serif;\"><b> Humanidade<\/b><\/span><\/span><span style=\"color: #000000;\"><span style=\"font-family: Arial, sans-serif;\"> se volte exclusivamente para <\/span><\/span><span style=\"color: #000000;\"><span style=\"font-family: Arial, sans-serif;\"><b>Deus,<\/b><\/span><\/span><span style=\"color: #000000;\"><span style=\"font-family: Arial, sans-serif;\"> procurando nas <\/span><\/span><span style=\"color: #000000;\"><span style=\"font-family: Arial, sans-serif;\"><b>Escrituras Sagradas<\/b><\/span><\/span><span style=\"color: #000000;\"><span style=\"font-family: Arial, sans-serif;\"> o <\/span><\/span><span style=\"color: #ff0000;\"><span style=\"font-family: Arial, sans-serif;\"><b>significado <\/b><\/span><\/span><span style=\"color: #000000;\"><span style=\"font-family: Arial, sans-serif;\">do <\/span><\/span><span style=\"color: #000000;\"><span style=\"font-family: Arial, sans-serif;\"><b>Projeto de Deus do Estado Eterno<\/b><\/span><\/span><span style=\"color: #000000;\"><span style=\"font-family: Arial, sans-serif;\"> \u2013 A <\/span><\/span><span style=\"color: #000000;\"><span style=\"font-family: Arial, sans-serif;\"><b>Salva\u00e7\u00e3o<\/b><\/span><\/span> <span style=\"color: #000000;\"><span style=\"font-family: Arial, sans-serif;\"><b>do Homem<\/b><\/span><\/span><span style=\"color: #000000;\"><span style=\"font-family: Arial, sans-serif;\">;<\/span><\/span><\/p>\n<p><span style=\"color: #000000;\"><span style=\"font-family: Arial, sans-serif;\">QUEM ME DERA SER POSSANTE<\/span><\/span><\/p>\n<p><span style=\"color: #000000;\"><span style=\"font-family: Arial, sans-serif;\">PARA PODER NUM INSTANTE<\/span><\/span><\/p>\n<p><span style=\"color: #000000;\"><span style=\"font-family: Arial, sans-serif;\">FAZER O HOMEM ENTENDER<\/span><\/span><\/p>\n<p>&nbsp;<\/p>\n<p><span style=\"color: #000000;\"><span style=\"font-family: Arial, sans-serif;\">ENTENDER COISA ENTENDIDA<\/span><\/span><\/p>\n<p><span style=\"color: #000000;\"><span style=\"font-family: Arial, sans-serif;\">POIS O MELHOR DESTA VIDA<\/span><\/span><\/p>\n<p><span style=\"color: #000000;\"><span style=\"font-family: Arial, sans-serif;\">\u00c9&#8230; A ETERNIDADE&#8230; ALCAN\u00c7AR!!!<\/span><\/span><\/p>\n<p><span style=\"color: #000000;\"><span style=\"font-family: Arial, sans-serif;\">Onir Francisco Damas<\/span><\/span><\/p>\n<p><span style=\"color: #000000;\"><span style=\"font-family: Arial, sans-serif;\">&#8230;&#8230;&#8230;&#8230;&#8230;&#8230;&#8230;&#8230;&#8230;&#8230;&#8230;&#8230;&#8230;&#8230;&#8230;&#8230; x &#8230;&#8230;&#8230;&#8230;&#8230;&#8230;&#8230;&#8230;&#8230;&#8230;&#8230;&#8230;&#8230;&#8230;&#8230;&#8230;..<\/span><\/span><\/p>\n<p align=\"justify\"><span style=\"font-size: large;\">OBS: Na hip\u00f3tese de concordar que o Assunto \u00e9 importante, copie o endere\u00e7o do Site www.assuntospolemicosdabiblia.com, imprima o m\u00e1ximo numa folha A4, corte em peda\u00e7os, e distribua, como instrumento de fazer a Obra do REINO DE DEUS.<\/span><\/p>\n<p align=\"justify\"><span style=\"font-size: large;\">Como acontece Festa no C\u00e9u sempre que um Pecador se arrepende (Lucas 15: 10), e se cada um dos meus Leitores, que entendem a import\u00e2ncia do conte\u00fado do Site para a Obra do Reino de Deus, divulgar o Site em tempo e fora de tempo, certamente o Reino Celestial ter\u00e1 muitos motivos para comemorar os resultados dessa divulga\u00e7\u00e3o.<\/span><\/p>\n<p>&nbsp;<\/p>\n<p>&nbsp;<\/p>\n<p>&nbsp;<\/p>\n<p>&nbsp;<\/p>\n<p>&nbsp;<\/p>\n<p>&nbsp;<\/p>\n<p>&nbsp;<\/p>\n<p>&nbsp;<\/p>\n","protected":false},"excerpt":{"rendered":"<p>EVID\u00caNCIAS SOBRENATURAIS DO PER\u00cdODO ED\u00caNICO INTRODU\u00c7\u00c3O AS CONSTRU\u00c7\u00d5ES COM BLOCOS GIGANTESCOS que a Ci\u00eancia Humana n\u00e3o consegue explicar, em v\u00e1rias regi\u00f5es do Planeta, ao que tudo indica, s\u00e3o amplamente explicadas pela Ci\u00eancia Teol\u00f3gica, constru\u00eddas no Per\u00edodo Ed\u00eanico quando a Terra era um \u00c9den; A TEOLOGIA \u00e9 a Ci\u00eancia dos Enigmas de Deus; Em N\u00fameros 12: 8 Deus afirma que fala por Enigmas, logo, \u00e9 necess\u00e1rio Discernimento que \u00e9 Dom dado por Deus (1\u00aa Cor\u00edntios 12: 10) para se decifrar o passado da Terra que est\u00e1 sem explica\u00e7\u00e3o pela Ci\u00eancia Humana; Todos os meios de Comunica\u00e7\u00f5es em Geral est\u00e3o postando mat\u00e9rias envolvendo constru\u00e7\u00f5es com mais de 12 mil anos e que n\u00e3o podem ter sido constru\u00eddas pelos habitantes daquela \u00e9poca; Eu explico em Livro e mais de 100 (cem) Artigos postados no Site que a Terra passou por Per\u00edodos de Perfei\u00e7\u00e3o e Imperfei\u00e7\u00e3o; Quando se tem experi\u00eancia com o Poder de Deus \u00e9 desalentador assistir na Televis\u00e3o os diversos document\u00e1rios sobre a Origem do Universo e a vida na Terra, sempre ignorando a exist\u00eancia de um Criador, e sempre com evasivas ante o inexplic\u00e1vel. A Teologia tem a resposta para esclarecer a Origem do Universo e da Terra, por\u00e9m sob Enigm\u00e1tica Escritura B\u00edblica, considerando o esfor\u00e7o pessoal atrav\u00e9s do Conhecimento e Entendimento, por\u00e9m sob o Discernimento que \u00e9 Dom de Deus ( 1\u00aa Cor\u00edntios 12: 10; O meu povo foi destru\u00eddo, porque lhe faltou o conhecimento; porque tu rejeitaste o conhecimento, tamb\u00e9m eu te rejeitarei, para que n\u00e3o sejas sacerdote diante de mim; e, visto que te esqueceste da lei do teu Deus, tamb\u00e9m eu me esquecerei de teus filhos. Os\u00e9ias 4: 6; Para poder escrever este Artigo \u00e9 preciso ter experi\u00eancia com o sobrenatural de Deus, e desta forma deixo a seguir uma experi\u00eancia sobrenatural, entre muitas, que j\u00e1 experimentei: No ano de 2000 quando regressava de uma confraterniza\u00e7\u00e3o dos 40 anos de formatura da turma Bras\u00edlia, de Sargentos da Escola de Sargentos das Armas (Ex\u00e9rcito), fui transladado da altura de Iraj\u00e1-RJ, na Avenida Brasil, para Realengo, estando de carro e acompanhado de minha esposa. Fiquei at\u00f4nito, pois em um impercept\u00edvel instante isto aconteceu. Quando entrei na Avenida Brasil, saindo da Avenida Presidente Dutra, olhei para o rel\u00f3gio e disse para a minha esposa que em aproximadamente 40 minutos estar\u00edamos em casa. Lembro-me que ultrapassei uma Kombi e logo a seguir percebi por uma placa de tr\u00e2nsito que estava em Realengo, cerca de 20 Km \u00e0 frente. Fiquei indagando em Ora\u00e7\u00e3o o motivo de t\u00e3o extraordin\u00e1rio fen\u00f4meno. Isto aconteceu no dia 17 de novembro de 2000. Posteriormente, recebi um comunicado da Associa\u00e7\u00e3o de Ex-Alunos da CEFET-RJ, convidando os familiares de Onir Francisco Damas para participarem de Missa em favor dos Ex-Alunos falecidos, em solenidade anual realizado pela Associa\u00e7\u00e3o \u2013 meu nome inexplicavelmente estava inclu\u00eddo no rol dos falecidos. Minha resposta tinha chegado, pois entendi que algo iria acontecer comigo antes de chegar ao Bairro de Deodoro, onde iria sair da Avenida Brasil, para seguir em dire\u00e7\u00e3o ao Bairro de minha resid\u00eancia. Foi mais um livramento de Deus, fazendo-me mudar o itiner\u00e1rio de maneira sobrenatural. Com este testemunho sobrenatural, que n\u00e3o foi o \u00fanico de translada\u00e7\u00e3o, conforme outros quatro que est\u00e3o postados na Se\u00e7\u00e3o \u201cO AUTOR\u201d, no Site, estou postando este Artigo que tem o Objetivo de mostrar o Poder de Deus atrav\u00e9s da TRANSLADA\u00c7\u00c3O; www.assuntospolemicosdabiblia.com &nbsp; A TEOLOGIA EXPLICA O PASSADO DA TERRA Vou come\u00e7ar pelas Palavras de Jesus: E Jesus lhes disse: Por causa de vossa incredulidade; porque em verdade vos digo que, se tiverdes f\u00e9 como um gr\u00e3o de mostarda, direis a este monte: Passa daqui para acol\u00e1, e h\u00e1 de passar; e nada vos ser\u00e1 imposs\u00edvel. Mateus 17: 20 Entendeu o porqu\u00ea dos enormes blocos misteriosos e enigm\u00e1ticos do passado da Terra. E Jesus lhes disse: Por causa de vossa incredulidade; porque em verdade vos digo que, se tiverdes f\u00e9 como um gr\u00e3o de mostarda, direis a este monte: Passa daqui para acol\u00e1, e h\u00e1 de passar; e nada vos ser\u00e1 imposs\u00edvel. Mateus 17: 20 A explica\u00e7\u00e3o para todos os cortes, TRANSLADA\u00c7\u00c3O e PERFEITAS superposi\u00e7\u00f5es de gigantescos blocos em constru\u00e7\u00f5es megal\u00edticas em v\u00e1rios lugares da Terra, somente pelo Poder de Deus, num Per\u00edodo em que a Terra era Perfeita; Megal\u00edtico = Grande Pedra Diante destas poucas Palavras de Jesus podemos entender que durante o Per\u00edodo Ed\u00eanico quando a Terra era Perfeita em Deus e os Anjos que s\u00e3o Mensageiros a Servi\u00e7o dos que v\u00e3o herdar a Vida Eterna (Hebreus 12: 14), interagiam com os Ed\u00eanicos e realizaram tudo o que existe de extraordin\u00e1rio em Megas Constru\u00e7\u00f5es e que a Ci\u00eancia Humana n\u00e3o tem como explicar; Hebreus 1: 14 : N\u00e3o s\u00e3o porventura todos eles esp\u00edritos ministradores, enviados para servir a favor daqueles que h\u00e3o de herdar a salva\u00e7\u00e3o? Entende agora o porqu\u00ea de n\u00e3o existir nada registrado e n\u00e3o existir ferramentas de trabalho onde foram realizadas as enigm\u00e1ticas e misteriosas constru\u00e7\u00f5es? Este Artigo \u00e9 apenas um complemento dos Artigos j\u00e1 Postados no Site onde eu abordo o Per\u00edodo Ed\u00eanico que durou milhares de anos quando foram formadas as Ra\u00e7as, as extraordin\u00e1rias constru\u00e7\u00f5es Megal\u00edticas e todo um conjunto de desenhos sobre a superf\u00edcie da Terra, e muito mais que a Ci\u00eancia n\u00e3o consegue explica\u00e7\u00e3o, at\u00e9 que houve a contamina\u00e7\u00e3o de Ad\u00e3o e Eva e a Terra perdeu a Perfei\u00e7\u00e3o tornando-se \u201cmaldita\u201d (G\u00caNESIS 3: 17) e morada de \u201cdem\u00f4nios\u201d (Apocalipse 18: 2), tudo amplamente explicado nos seguintes Artigos: OS FILHOS DE AD\u00c3O E EVA NO \u00c9DEN A ORIGEM DO MAU AD\u00c3O E A ORIGEM DAS RA\u00c7\u00c3S O \u00c9DEN DE L\u00daCIFER \u2013 EZEQUIEL 28: 13 GOBLEKI TEPE E O JARDIM DO \u00c9DEN CI\u00caNCIA X TEOLOGIA O ENIGMA DO PER\u00cdODO VEGETARIANO O ENIGMA DOS DISCOS VOADORES NATAL ESTRELA OU DISCO VOADOR ENTRE OUTROS CEM (100) POSTADOS NO SITE = www.assuntospolemicosdabiblia.com Entende agora o porqu\u00ea de n\u00e3o se atribuir aos habitantes que viveram h\u00e1 mais de 12 mil anos tudo o que existe nos locais onde se encontram os Enigm\u00e1ticos e Misteriosos vest\u00edgios arqueol\u00f3gicos? Enigm\u00e1ticos porque s\u00e3o discernidos atrav\u00e9s do Per\u00edodo<\/p>\n","protected":false},"author":2,"featured_media":17368,"comment_status":"open","ping_status":"open","sticky":false,"template":"","format":"standard","meta":{"footnotes":""},"categories":[28,30],"tags":[],"class_list":["post-17360","post","type-post","status-publish","format-standard","has-post-thumbnail","hentry","category-artigos","category-destaque"],"yoast_head":"<!-- This site is optimized with the Yoast SEO plugin v27.5 - https:\/\/yoast.com\/product\/yoast-seo-wordpress\/ -->\n<title>EVID\u00caNCIAS SOBRENATURAIS DO PER\u00cdODO ED\u00caNICO - Assuntos Pol\u00eamicos da B\u00edblia<\/title>\n<meta name=\"robots\" content=\"index, follow, max-snippet:-1, max-image-preview:large, max-video-preview:-1\" \/>\n<link rel=\"canonical\" href=\"https:\/\/assuntospolemicosdabiblia.com\/blog\/evidencias-sobrenaturais-do-periodo-edenico\/\" \/>\n<meta property=\"og:locale\" content=\"pt_BR\" \/>\n<meta property=\"og:type\" content=\"article\" \/>\n<meta property=\"og:title\" content=\"EVID\u00caNCIAS SOBRENATURAIS DO PER\u00cdODO ED\u00caNICO - Assuntos Pol\u00eamicos da B\u00edblia\" \/>\n<meta property=\"og:description\" content=\"EVID\u00caNCIAS SOBRENATURAIS DO PER\u00cdODO ED\u00caNICO INTRODU\u00c7\u00c3O AS CONSTRU\u00c7\u00d5ES COM BLOCOS GIGANTESCOS que a Ci\u00eancia Humana n\u00e3o consegue explicar, em v\u00e1rias regi\u00f5es do Planeta, ao que tudo indica, s\u00e3o amplamente explicadas pela Ci\u00eancia Teol\u00f3gica, constru\u00eddas no Per\u00edodo Ed\u00eanico quando a Terra era um \u00c9den; A TEOLOGIA \u00e9 a Ci\u00eancia dos Enigmas de Deus; Em N\u00fameros 12: 8 Deus afirma que fala por Enigmas, logo, \u00e9 necess\u00e1rio Discernimento que \u00e9 Dom dado por Deus (1\u00aa Cor\u00edntios 12: 10) para se decifrar o passado da Terra que est\u00e1 sem explica\u00e7\u00e3o pela Ci\u00eancia Humana; Todos os meios de Comunica\u00e7\u00f5es em Geral est\u00e3o postando mat\u00e9rias envolvendo constru\u00e7\u00f5es com mais de 12 mil anos e que n\u00e3o podem ter sido constru\u00eddas pelos habitantes daquela \u00e9poca; Eu explico em Livro e mais de 100 (cem) Artigos postados no Site que a Terra passou por Per\u00edodos de Perfei\u00e7\u00e3o e Imperfei\u00e7\u00e3o; Quando se tem experi\u00eancia com o Poder de Deus \u00e9 desalentador assistir na Televis\u00e3o os diversos document\u00e1rios sobre a Origem do Universo e a vida na Terra, sempre ignorando a exist\u00eancia de um Criador, e sempre com evasivas ante o inexplic\u00e1vel. A Teologia tem a resposta para esclarecer a Origem do Universo e da Terra, por\u00e9m sob Enigm\u00e1tica Escritura B\u00edblica, considerando o esfor\u00e7o pessoal atrav\u00e9s do Conhecimento e Entendimento, por\u00e9m sob o Discernimento que \u00e9 Dom de Deus ( 1\u00aa Cor\u00edntios 12: 10; O meu povo foi destru\u00eddo, porque lhe faltou o conhecimento; porque tu rejeitaste o conhecimento, tamb\u00e9m eu te rejeitarei, para que n\u00e3o sejas sacerdote diante de mim; e, visto que te esqueceste da lei do teu Deus, tamb\u00e9m eu me esquecerei de teus filhos. Os\u00e9ias 4: 6; Para poder escrever este Artigo \u00e9 preciso ter experi\u00eancia com o sobrenatural de Deus, e desta forma deixo a seguir uma experi\u00eancia sobrenatural, entre muitas, que j\u00e1 experimentei: No ano de 2000 quando regressava de uma confraterniza\u00e7\u00e3o dos 40 anos de formatura da turma Bras\u00edlia, de Sargentos da Escola de Sargentos das Armas (Ex\u00e9rcito), fui transladado da altura de Iraj\u00e1-RJ, na Avenida Brasil, para Realengo, estando de carro e acompanhado de minha esposa. Fiquei at\u00f4nito, pois em um impercept\u00edvel instante isto aconteceu. Quando entrei na Avenida Brasil, saindo da Avenida Presidente Dutra, olhei para o rel\u00f3gio e disse para a minha esposa que em aproximadamente 40 minutos estar\u00edamos em casa. Lembro-me que ultrapassei uma Kombi e logo a seguir percebi por uma placa de tr\u00e2nsito que estava em Realengo, cerca de 20 Km \u00e0 frente. Fiquei indagando em Ora\u00e7\u00e3o o motivo de t\u00e3o extraordin\u00e1rio fen\u00f4meno. Isto aconteceu no dia 17 de novembro de 2000. Posteriormente, recebi um comunicado da Associa\u00e7\u00e3o de Ex-Alunos da CEFET-RJ, convidando os familiares de Onir Francisco Damas para participarem de Missa em favor dos Ex-Alunos falecidos, em solenidade anual realizado pela Associa\u00e7\u00e3o \u2013 meu nome inexplicavelmente estava inclu\u00eddo no rol dos falecidos. Minha resposta tinha chegado, pois entendi que algo iria acontecer comigo antes de chegar ao Bairro de Deodoro, onde iria sair da Avenida Brasil, para seguir em dire\u00e7\u00e3o ao Bairro de minha resid\u00eancia. Foi mais um livramento de Deus, fazendo-me mudar o itiner\u00e1rio de maneira sobrenatural. Com este testemunho sobrenatural, que n\u00e3o foi o \u00fanico de translada\u00e7\u00e3o, conforme outros quatro que est\u00e3o postados na Se\u00e7\u00e3o \u201cO AUTOR\u201d, no Site, estou postando este Artigo que tem o Objetivo de mostrar o Poder de Deus atrav\u00e9s da TRANSLADA\u00c7\u00c3O; www.assuntospolemicosdabiblia.com &nbsp; A TEOLOGIA EXPLICA O PASSADO DA TERRA Vou come\u00e7ar pelas Palavras de Jesus: E Jesus lhes disse: Por causa de vossa incredulidade; porque em verdade vos digo que, se tiverdes f\u00e9 como um gr\u00e3o de mostarda, direis a este monte: Passa daqui para acol\u00e1, e h\u00e1 de passar; e nada vos ser\u00e1 imposs\u00edvel. Mateus 17: 20 Entendeu o porqu\u00ea dos enormes blocos misteriosos e enigm\u00e1ticos do passado da Terra. E Jesus lhes disse: Por causa de vossa incredulidade; porque em verdade vos digo que, se tiverdes f\u00e9 como um gr\u00e3o de mostarda, direis a este monte: Passa daqui para acol\u00e1, e h\u00e1 de passar; e nada vos ser\u00e1 imposs\u00edvel. Mateus 17: 20 A explica\u00e7\u00e3o para todos os cortes, TRANSLADA\u00c7\u00c3O e PERFEITAS superposi\u00e7\u00f5es de gigantescos blocos em constru\u00e7\u00f5es megal\u00edticas em v\u00e1rios lugares da Terra, somente pelo Poder de Deus, num Per\u00edodo em que a Terra era Perfeita; Megal\u00edtico = Grande Pedra Diante destas poucas Palavras de Jesus podemos entender que durante o Per\u00edodo Ed\u00eanico quando a Terra era Perfeita em Deus e os Anjos que s\u00e3o Mensageiros a Servi\u00e7o dos que v\u00e3o herdar a Vida Eterna (Hebreus 12: 14), interagiam com os Ed\u00eanicos e realizaram tudo o que existe de extraordin\u00e1rio em Megas Constru\u00e7\u00f5es e que a Ci\u00eancia Humana n\u00e3o tem como explicar; Hebreus 1: 14 : N\u00e3o s\u00e3o porventura todos eles esp\u00edritos ministradores, enviados para servir a favor daqueles que h\u00e3o de herdar a salva\u00e7\u00e3o? Entende agora o porqu\u00ea de n\u00e3o existir nada registrado e n\u00e3o existir ferramentas de trabalho onde foram realizadas as enigm\u00e1ticas e misteriosas constru\u00e7\u00f5es? Este Artigo \u00e9 apenas um complemento dos Artigos j\u00e1 Postados no Site onde eu abordo o Per\u00edodo Ed\u00eanico que durou milhares de anos quando foram formadas as Ra\u00e7as, as extraordin\u00e1rias constru\u00e7\u00f5es Megal\u00edticas e todo um conjunto de desenhos sobre a superf\u00edcie da Terra, e muito mais que a Ci\u00eancia n\u00e3o consegue explica\u00e7\u00e3o, at\u00e9 que houve a contamina\u00e7\u00e3o de Ad\u00e3o e Eva e a Terra perdeu a Perfei\u00e7\u00e3o tornando-se \u201cmaldita\u201d (G\u00caNESIS 3: 17) e morada de \u201cdem\u00f4nios\u201d (Apocalipse 18: 2), tudo amplamente explicado nos seguintes Artigos: OS FILHOS DE AD\u00c3O E EVA NO \u00c9DEN A ORIGEM DO MAU AD\u00c3O E A ORIGEM DAS RA\u00c7\u00c3S O \u00c9DEN DE L\u00daCIFER \u2013 EZEQUIEL 28: 13 GOBLEKI TEPE E O JARDIM DO \u00c9DEN CI\u00caNCIA X TEOLOGIA O ENIGMA DO PER\u00cdODO VEGETARIANO O ENIGMA DOS DISCOS VOADORES NATAL ESTRELA OU DISCO VOADOR ENTRE OUTROS CEM (100) POSTADOS NO SITE = www.assuntospolemicosdabiblia.com Entende agora o porqu\u00ea de n\u00e3o se atribuir aos habitantes que viveram h\u00e1 mais de 12 mil anos tudo o que existe nos locais onde se encontram os Enigm\u00e1ticos e Misteriosos vest\u00edgios arqueol\u00f3gicos? Enigm\u00e1ticos porque s\u00e3o discernidos atrav\u00e9s do Per\u00edodo\" \/>\n<meta property=\"og:url\" content=\"https:\/\/assuntospolemicosdabiblia.com\/blog\/evidencias-sobrenaturais-do-periodo-edenico\/\" \/>\n<meta property=\"og:site_name\" content=\"Assuntos Pol\u00eamicos da B\u00edblia\" \/>\n<meta property=\"article:published_time\" content=\"2024-12-17T15:28:08+00:00\" \/>\n<meta property=\"article:modified_time\" content=\"2025-08-30T20:05:32+00:00\" \/>\n<meta property=\"og:image\" content=\"https:\/\/assuntospolemicosdabiblia.com\/blog\/wp-content\/uploads\/2024\/12\/Screenshot_183.png\" \/>\n\t<meta property=\"og:image:width\" content=\"1085\" \/>\n\t<meta property=\"og:image:height\" content=\"470\" \/>\n\t<meta property=\"og:image:type\" content=\"image\/png\" \/>\n<meta name=\"author\" content=\"onir\" \/>\n<meta name=\"twitter:card\" content=\"summary_large_image\" \/>\n<meta name=\"twitter:label1\" content=\"Escrito por\" \/>\n\t<meta name=\"twitter:data1\" content=\"onir\" \/>\n\t<meta name=\"twitter:label2\" content=\"Est. tempo de leitura\" \/>\n\t<meta name=\"twitter:data2\" content=\"16 minutos\" \/>\n<script type=\"application\/ld+json\" class=\"yoast-schema-graph\">{\"@context\":\"https:\\\/\\\/schema.org\",\"@graph\":[{\"@type\":\"Article\",\"@id\":\"https:\\\/\\\/assuntospolemicosdabiblia.com\\\/blog\\\/evidencias-sobrenaturais-do-periodo-edenico\\\/#article\",\"isPartOf\":{\"@id\":\"https:\\\/\\\/assuntospolemicosdabiblia.com\\\/blog\\\/evidencias-sobrenaturais-do-periodo-edenico\\\/\"},\"author\":{\"name\":\"onir\",\"@id\":\"https:\\\/\\\/assuntospolemicosdabiblia.com\\\/blog\\\/#\\\/schema\\\/person\\\/dcc1acf89b0697dccfe238ccc3f18807\"},\"headline\":\"EVID\u00caNCIAS SOBRENATURAIS DO PER\u00cdODO ED\u00caNICO\",\"datePublished\":\"2024-12-17T15:28:08+00:00\",\"dateModified\":\"2025-08-30T20:05:32+00:00\",\"mainEntityOfPage\":{\"@id\":\"https:\\\/\\\/assuntospolemicosdabiblia.com\\\/blog\\\/evidencias-sobrenaturais-do-periodo-edenico\\\/\"},\"wordCount\":2823,\"commentCount\":1,\"image\":{\"@id\":\"https:\\\/\\\/assuntospolemicosdabiblia.com\\\/blog\\\/evidencias-sobrenaturais-do-periodo-edenico\\\/#primaryimage\"},\"thumbnailUrl\":\"https:\\\/\\\/assuntospolemicosdabiblia.com\\\/blog\\\/wp-content\\\/uploads\\\/2024\\\/12\\\/Screenshot_183.png\",\"articleSection\":[\"Artigos\",\"Destaque\"],\"inLanguage\":\"pt-BR\",\"potentialAction\":[{\"@type\":\"CommentAction\",\"name\":\"Comment\",\"target\":[\"https:\\\/\\\/assuntospolemicosdabiblia.com\\\/blog\\\/evidencias-sobrenaturais-do-periodo-edenico\\\/#respond\"]}]},{\"@type\":\"WebPage\",\"@id\":\"https:\\\/\\\/assuntospolemicosdabiblia.com\\\/blog\\\/evidencias-sobrenaturais-do-periodo-edenico\\\/\",\"url\":\"https:\\\/\\\/assuntospolemicosdabiblia.com\\\/blog\\\/evidencias-sobrenaturais-do-periodo-edenico\\\/\",\"name\":\"EVID\u00caNCIAS SOBRENATURAIS DO PER\u00cdODO ED\u00caNICO - Assuntos Pol\u00eamicos da B\u00edblia\",\"isPartOf\":{\"@id\":\"https:\\\/\\\/assuntospolemicosdabiblia.com\\\/blog\\\/#website\"},\"primaryImageOfPage\":{\"@id\":\"https:\\\/\\\/assuntospolemicosdabiblia.com\\\/blog\\\/evidencias-sobrenaturais-do-periodo-edenico\\\/#primaryimage\"},\"image\":{\"@id\":\"https:\\\/\\\/assuntospolemicosdabiblia.com\\\/blog\\\/evidencias-sobrenaturais-do-periodo-edenico\\\/#primaryimage\"},\"thumbnailUrl\":\"https:\\\/\\\/assuntospolemicosdabiblia.com\\\/blog\\\/wp-content\\\/uploads\\\/2024\\\/12\\\/Screenshot_183.png\",\"datePublished\":\"2024-12-17T15:28:08+00:00\",\"dateModified\":\"2025-08-30T20:05:32+00:00\",\"author\":{\"@id\":\"https:\\\/\\\/assuntospolemicosdabiblia.com\\\/blog\\\/#\\\/schema\\\/person\\\/dcc1acf89b0697dccfe238ccc3f18807\"},\"breadcrumb\":{\"@id\":\"https:\\\/\\\/assuntospolemicosdabiblia.com\\\/blog\\\/evidencias-sobrenaturais-do-periodo-edenico\\\/#breadcrumb\"},\"inLanguage\":\"pt-BR\",\"potentialAction\":[{\"@type\":\"ReadAction\",\"target\":[\"https:\\\/\\\/assuntospolemicosdabiblia.com\\\/blog\\\/evidencias-sobrenaturais-do-periodo-edenico\\\/\"]}]},{\"@type\":\"ImageObject\",\"inLanguage\":\"pt-BR\",\"@id\":\"https:\\\/\\\/assuntospolemicosdabiblia.com\\\/blog\\\/evidencias-sobrenaturais-do-periodo-edenico\\\/#primaryimage\",\"url\":\"https:\\\/\\\/assuntospolemicosdabiblia.com\\\/blog\\\/wp-content\\\/uploads\\\/2024\\\/12\\\/Screenshot_183.png\",\"contentUrl\":\"https:\\\/\\\/assuntospolemicosdabiblia.com\\\/blog\\\/wp-content\\\/uploads\\\/2024\\\/12\\\/Screenshot_183.png\",\"width\":1085,\"height\":470},{\"@type\":\"BreadcrumbList\",\"@id\":\"https:\\\/\\\/assuntospolemicosdabiblia.com\\\/blog\\\/evidencias-sobrenaturais-do-periodo-edenico\\\/#breadcrumb\",\"itemListElement\":[{\"@type\":\"ListItem\",\"position\":1,\"name\":\"In\u00edcio\",\"item\":\"https:\\\/\\\/assuntospolemicosdabiblia.com\\\/blog\\\/\"},{\"@type\":\"ListItem\",\"position\":2,\"name\":\"EVID\u00caNCIAS SOBRENATURAIS DO PER\u00cdODO ED\u00caNICO\"}]},{\"@type\":\"WebSite\",\"@id\":\"https:\\\/\\\/assuntospolemicosdabiblia.com\\\/blog\\\/#website\",\"url\":\"https:\\\/\\\/assuntospolemicosdabiblia.com\\\/blog\\\/\",\"name\":\"Assuntos Pol\u00eamicos da B\u00edblia\",\"description\":\"Conhecereis a Verdade e a Verdade vos Libertar\u00e1\",\"potentialAction\":[{\"@type\":\"SearchAction\",\"target\":{\"@type\":\"EntryPoint\",\"urlTemplate\":\"https:\\\/\\\/assuntospolemicosdabiblia.com\\\/blog\\\/?s={search_term_string}\"},\"query-input\":{\"@type\":\"PropertyValueSpecification\",\"valueRequired\":true,\"valueName\":\"search_term_string\"}}],\"inLanguage\":\"pt-BR\"},{\"@type\":\"Person\",\"@id\":\"https:\\\/\\\/assuntospolemicosdabiblia.com\\\/blog\\\/#\\\/schema\\\/person\\\/dcc1acf89b0697dccfe238ccc3f18807\",\"name\":\"onir\",\"image\":{\"@type\":\"ImageObject\",\"inLanguage\":\"pt-BR\",\"@id\":\"https:\\\/\\\/secure.gravatar.com\\\/avatar\\\/01f8ecbe53bfdb17e125e1702a5605a51d3993dc27493d8b9c1e1aacb366eb03?s=96&d=mm&r=g\",\"url\":\"https:\\\/\\\/secure.gravatar.com\\\/avatar\\\/01f8ecbe53bfdb17e125e1702a5605a51d3993dc27493d8b9c1e1aacb366eb03?s=96&d=mm&r=g\",\"contentUrl\":\"https:\\\/\\\/secure.gravatar.com\\\/avatar\\\/01f8ecbe53bfdb17e125e1702a5605a51d3993dc27493d8b9c1e1aacb366eb03?s=96&d=mm&r=g\",\"caption\":\"onir\"},\"url\":\"https:\\\/\\\/assuntospolemicosdabiblia.com\\\/blog\\\/author\\\/onir\\\/\"}]}<\/script>\n<!-- \/ Yoast SEO plugin. -->","yoast_head_json":{"title":"EVID\u00caNCIAS SOBRENATURAIS DO PER\u00cdODO ED\u00caNICO - Assuntos Pol\u00eamicos da B\u00edblia","robots":{"index":"index","follow":"follow","max-snippet":"max-snippet:-1","max-image-preview":"max-image-preview:large","max-video-preview":"max-video-preview:-1"},"canonical":"https:\/\/assuntospolemicosdabiblia.com\/blog\/evidencias-sobrenaturais-do-periodo-edenico\/","og_locale":"pt_BR","og_type":"article","og_title":"EVID\u00caNCIAS SOBRENATURAIS DO PER\u00cdODO ED\u00caNICO - Assuntos Pol\u00eamicos da B\u00edblia","og_description":"EVID\u00caNCIAS SOBRENATURAIS DO PER\u00cdODO ED\u00caNICO INTRODU\u00c7\u00c3O AS CONSTRU\u00c7\u00d5ES COM BLOCOS GIGANTESCOS que a Ci\u00eancia Humana n\u00e3o consegue explicar, em v\u00e1rias regi\u00f5es do Planeta, ao que tudo indica, s\u00e3o amplamente explicadas pela Ci\u00eancia Teol\u00f3gica, constru\u00eddas no Per\u00edodo Ed\u00eanico quando a Terra era um \u00c9den; A TEOLOGIA \u00e9 a Ci\u00eancia dos Enigmas de Deus; Em N\u00fameros 12: 8 Deus afirma que fala por Enigmas, logo, \u00e9 necess\u00e1rio Discernimento que \u00e9 Dom dado por Deus (1\u00aa Cor\u00edntios 12: 10) para se decifrar o passado da Terra que est\u00e1 sem explica\u00e7\u00e3o pela Ci\u00eancia Humana; Todos os meios de Comunica\u00e7\u00f5es em Geral est\u00e3o postando mat\u00e9rias envolvendo constru\u00e7\u00f5es com mais de 12 mil anos e que n\u00e3o podem ter sido constru\u00eddas pelos habitantes daquela \u00e9poca; Eu explico em Livro e mais de 100 (cem) Artigos postados no Site que a Terra passou por Per\u00edodos de Perfei\u00e7\u00e3o e Imperfei\u00e7\u00e3o; Quando se tem experi\u00eancia com o Poder de Deus \u00e9 desalentador assistir na Televis\u00e3o os diversos document\u00e1rios sobre a Origem do Universo e a vida na Terra, sempre ignorando a exist\u00eancia de um Criador, e sempre com evasivas ante o inexplic\u00e1vel. A Teologia tem a resposta para esclarecer a Origem do Universo e da Terra, por\u00e9m sob Enigm\u00e1tica Escritura B\u00edblica, considerando o esfor\u00e7o pessoal atrav\u00e9s do Conhecimento e Entendimento, por\u00e9m sob o Discernimento que \u00e9 Dom de Deus ( 1\u00aa Cor\u00edntios 12: 10; O meu povo foi destru\u00eddo, porque lhe faltou o conhecimento; porque tu rejeitaste o conhecimento, tamb\u00e9m eu te rejeitarei, para que n\u00e3o sejas sacerdote diante de mim; e, visto que te esqueceste da lei do teu Deus, tamb\u00e9m eu me esquecerei de teus filhos. Os\u00e9ias 4: 6; Para poder escrever este Artigo \u00e9 preciso ter experi\u00eancia com o sobrenatural de Deus, e desta forma deixo a seguir uma experi\u00eancia sobrenatural, entre muitas, que j\u00e1 experimentei: No ano de 2000 quando regressava de uma confraterniza\u00e7\u00e3o dos 40 anos de formatura da turma Bras\u00edlia, de Sargentos da Escola de Sargentos das Armas (Ex\u00e9rcito), fui transladado da altura de Iraj\u00e1-RJ, na Avenida Brasil, para Realengo, estando de carro e acompanhado de minha esposa. Fiquei at\u00f4nito, pois em um impercept\u00edvel instante isto aconteceu. Quando entrei na Avenida Brasil, saindo da Avenida Presidente Dutra, olhei para o rel\u00f3gio e disse para a minha esposa que em aproximadamente 40 minutos estar\u00edamos em casa. Lembro-me que ultrapassei uma Kombi e logo a seguir percebi por uma placa de tr\u00e2nsito que estava em Realengo, cerca de 20 Km \u00e0 frente. Fiquei indagando em Ora\u00e7\u00e3o o motivo de t\u00e3o extraordin\u00e1rio fen\u00f4meno. Isto aconteceu no dia 17 de novembro de 2000. Posteriormente, recebi um comunicado da Associa\u00e7\u00e3o de Ex-Alunos da CEFET-RJ, convidando os familiares de Onir Francisco Damas para participarem de Missa em favor dos Ex-Alunos falecidos, em solenidade anual realizado pela Associa\u00e7\u00e3o \u2013 meu nome inexplicavelmente estava inclu\u00eddo no rol dos falecidos. Minha resposta tinha chegado, pois entendi que algo iria acontecer comigo antes de chegar ao Bairro de Deodoro, onde iria sair da Avenida Brasil, para seguir em dire\u00e7\u00e3o ao Bairro de minha resid\u00eancia. Foi mais um livramento de Deus, fazendo-me mudar o itiner\u00e1rio de maneira sobrenatural. Com este testemunho sobrenatural, que n\u00e3o foi o \u00fanico de translada\u00e7\u00e3o, conforme outros quatro que est\u00e3o postados na Se\u00e7\u00e3o \u201cO AUTOR\u201d, no Site, estou postando este Artigo que tem o Objetivo de mostrar o Poder de Deus atrav\u00e9s da TRANSLADA\u00c7\u00c3O; www.assuntospolemicosdabiblia.com &nbsp; A TEOLOGIA EXPLICA O PASSADO DA TERRA Vou come\u00e7ar pelas Palavras de Jesus: E Jesus lhes disse: Por causa de vossa incredulidade; porque em verdade vos digo que, se tiverdes f\u00e9 como um gr\u00e3o de mostarda, direis a este monte: Passa daqui para acol\u00e1, e h\u00e1 de passar; e nada vos ser\u00e1 imposs\u00edvel. Mateus 17: 20 Entendeu o porqu\u00ea dos enormes blocos misteriosos e enigm\u00e1ticos do passado da Terra. E Jesus lhes disse: Por causa de vossa incredulidade; porque em verdade vos digo que, se tiverdes f\u00e9 como um gr\u00e3o de mostarda, direis a este monte: Passa daqui para acol\u00e1, e h\u00e1 de passar; e nada vos ser\u00e1 imposs\u00edvel. Mateus 17: 20 A explica\u00e7\u00e3o para todos os cortes, TRANSLADA\u00c7\u00c3O e PERFEITAS superposi\u00e7\u00f5es de gigantescos blocos em constru\u00e7\u00f5es megal\u00edticas em v\u00e1rios lugares da Terra, somente pelo Poder de Deus, num Per\u00edodo em que a Terra era Perfeita; Megal\u00edtico = Grande Pedra Diante destas poucas Palavras de Jesus podemos entender que durante o Per\u00edodo Ed\u00eanico quando a Terra era Perfeita em Deus e os Anjos que s\u00e3o Mensageiros a Servi\u00e7o dos que v\u00e3o herdar a Vida Eterna (Hebreus 12: 14), interagiam com os Ed\u00eanicos e realizaram tudo o que existe de extraordin\u00e1rio em Megas Constru\u00e7\u00f5es e que a Ci\u00eancia Humana n\u00e3o tem como explicar; Hebreus 1: 14 : N\u00e3o s\u00e3o porventura todos eles esp\u00edritos ministradores, enviados para servir a favor daqueles que h\u00e3o de herdar a salva\u00e7\u00e3o? Entende agora o porqu\u00ea de n\u00e3o existir nada registrado e n\u00e3o existir ferramentas de trabalho onde foram realizadas as enigm\u00e1ticas e misteriosas constru\u00e7\u00f5es? Este Artigo \u00e9 apenas um complemento dos Artigos j\u00e1 Postados no Site onde eu abordo o Per\u00edodo Ed\u00eanico que durou milhares de anos quando foram formadas as Ra\u00e7as, as extraordin\u00e1rias constru\u00e7\u00f5es Megal\u00edticas e todo um conjunto de desenhos sobre a superf\u00edcie da Terra, e muito mais que a Ci\u00eancia n\u00e3o consegue explica\u00e7\u00e3o, at\u00e9 que houve a contamina\u00e7\u00e3o de Ad\u00e3o e Eva e a Terra perdeu a Perfei\u00e7\u00e3o tornando-se \u201cmaldita\u201d (G\u00caNESIS 3: 17) e morada de \u201cdem\u00f4nios\u201d (Apocalipse 18: 2), tudo amplamente explicado nos seguintes Artigos: OS FILHOS DE AD\u00c3O E EVA NO \u00c9DEN A ORIGEM DO MAU AD\u00c3O E A ORIGEM DAS RA\u00c7\u00c3S O \u00c9DEN DE L\u00daCIFER \u2013 EZEQUIEL 28: 13 GOBLEKI TEPE E O JARDIM DO \u00c9DEN CI\u00caNCIA X TEOLOGIA O ENIGMA DO PER\u00cdODO VEGETARIANO O ENIGMA DOS DISCOS VOADORES NATAL ESTRELA OU DISCO VOADOR ENTRE OUTROS CEM (100) POSTADOS NO SITE = www.assuntospolemicosdabiblia.com Entende agora o porqu\u00ea de n\u00e3o se atribuir aos habitantes que viveram h\u00e1 mais de 12 mil anos tudo o que existe nos locais onde se encontram os Enigm\u00e1ticos e Misteriosos vest\u00edgios arqueol\u00f3gicos? Enigm\u00e1ticos porque s\u00e3o discernidos atrav\u00e9s do Per\u00edodo","og_url":"https:\/\/assuntospolemicosdabiblia.com\/blog\/evidencias-sobrenaturais-do-periodo-edenico\/","og_site_name":"Assuntos Pol\u00eamicos da B\u00edblia","article_published_time":"2024-12-17T15:28:08+00:00","article_modified_time":"2025-08-30T20:05:32+00:00","og_image":[{"width":1085,"height":470,"url":"https:\/\/assuntospolemicosdabiblia.com\/blog\/wp-content\/uploads\/2024\/12\/Screenshot_183.png","type":"image\/png"}],"author":"onir","twitter_card":"summary_large_image","twitter_misc":{"Escrito por":"onir","Est. tempo de leitura":"16 minutos"},"schema":{"@context":"https:\/\/schema.org","@graph":[{"@type":"Article","@id":"https:\/\/assuntospolemicosdabiblia.com\/blog\/evidencias-sobrenaturais-do-periodo-edenico\/#article","isPartOf":{"@id":"https:\/\/assuntospolemicosdabiblia.com\/blog\/evidencias-sobrenaturais-do-periodo-edenico\/"},"author":{"name":"onir","@id":"https:\/\/assuntospolemicosdabiblia.com\/blog\/#\/schema\/person\/dcc1acf89b0697dccfe238ccc3f18807"},"headline":"EVID\u00caNCIAS SOBRENATURAIS DO PER\u00cdODO ED\u00caNICO","datePublished":"2024-12-17T15:28:08+00:00","dateModified":"2025-08-30T20:05:32+00:00","mainEntityOfPage":{"@id":"https:\/\/assuntospolemicosdabiblia.com\/blog\/evidencias-sobrenaturais-do-periodo-edenico\/"},"wordCount":2823,"commentCount":1,"image":{"@id":"https:\/\/assuntospolemicosdabiblia.com\/blog\/evidencias-sobrenaturais-do-periodo-edenico\/#primaryimage"},"thumbnailUrl":"https:\/\/assuntospolemicosdabiblia.com\/blog\/wp-content\/uploads\/2024\/12\/Screenshot_183.png","articleSection":["Artigos","Destaque"],"inLanguage":"pt-BR","potentialAction":[{"@type":"CommentAction","name":"Comment","target":["https:\/\/assuntospolemicosdabiblia.com\/blog\/evidencias-sobrenaturais-do-periodo-edenico\/#respond"]}]},{"@type":"WebPage","@id":"https:\/\/assuntospolemicosdabiblia.com\/blog\/evidencias-sobrenaturais-do-periodo-edenico\/","url":"https:\/\/assuntospolemicosdabiblia.com\/blog\/evidencias-sobrenaturais-do-periodo-edenico\/","name":"EVID\u00caNCIAS SOBRENATURAIS DO PER\u00cdODO ED\u00caNICO - Assuntos Pol\u00eamicos da B\u00edblia","isPartOf":{"@id":"https:\/\/assuntospolemicosdabiblia.com\/blog\/#website"},"primaryImageOfPage":{"@id":"https:\/\/assuntospolemicosdabiblia.com\/blog\/evidencias-sobrenaturais-do-periodo-edenico\/#primaryimage"},"image":{"@id":"https:\/\/assuntospolemicosdabiblia.com\/blog\/evidencias-sobrenaturais-do-periodo-edenico\/#primaryimage"},"thumbnailUrl":"https:\/\/assuntospolemicosdabiblia.com\/blog\/wp-content\/uploads\/2024\/12\/Screenshot_183.png","datePublished":"2024-12-17T15:28:08+00:00","dateModified":"2025-08-30T20:05:32+00:00","author":{"@id":"https:\/\/assuntospolemicosdabiblia.com\/blog\/#\/schema\/person\/dcc1acf89b0697dccfe238ccc3f18807"},"breadcrumb":{"@id":"https:\/\/assuntospolemicosdabiblia.com\/blog\/evidencias-sobrenaturais-do-periodo-edenico\/#breadcrumb"},"inLanguage":"pt-BR","potentialAction":[{"@type":"ReadAction","target":["https:\/\/assuntospolemicosdabiblia.com\/blog\/evidencias-sobrenaturais-do-periodo-edenico\/"]}]},{"@type":"ImageObject","inLanguage":"pt-BR","@id":"https:\/\/assuntospolemicosdabiblia.com\/blog\/evidencias-sobrenaturais-do-periodo-edenico\/#primaryimage","url":"https:\/\/assuntospolemicosdabiblia.com\/blog\/wp-content\/uploads\/2024\/12\/Screenshot_183.png","contentUrl":"https:\/\/assuntospolemicosdabiblia.com\/blog\/wp-content\/uploads\/2024\/12\/Screenshot_183.png","width":1085,"height":470},{"@type":"BreadcrumbList","@id":"https:\/\/assuntospolemicosdabiblia.com\/blog\/evidencias-sobrenaturais-do-periodo-edenico\/#breadcrumb","itemListElement":[{"@type":"ListItem","position":1,"name":"In\u00edcio","item":"https:\/\/assuntospolemicosdabiblia.com\/blog\/"},{"@type":"ListItem","position":2,"name":"EVID\u00caNCIAS SOBRENATURAIS DO PER\u00cdODO ED\u00caNICO"}]},{"@type":"WebSite","@id":"https:\/\/assuntospolemicosdabiblia.com\/blog\/#website","url":"https:\/\/assuntospolemicosdabiblia.com\/blog\/","name":"Assuntos Pol\u00eamicos da B\u00edblia","description":"Conhecereis a Verdade e a Verdade vos Libertar\u00e1","potentialAction":[{"@type":"SearchAction","target":{"@type":"EntryPoint","urlTemplate":"https:\/\/assuntospolemicosdabiblia.com\/blog\/?s={search_term_string}"},"query-input":{"@type":"PropertyValueSpecification","valueRequired":true,"valueName":"search_term_string"}}],"inLanguage":"pt-BR"},{"@type":"Person","@id":"https:\/\/assuntospolemicosdabiblia.com\/blog\/#\/schema\/person\/dcc1acf89b0697dccfe238ccc3f18807","name":"onir","image":{"@type":"ImageObject","inLanguage":"pt-BR","@id":"https:\/\/secure.gravatar.com\/avatar\/01f8ecbe53bfdb17e125e1702a5605a51d3993dc27493d8b9c1e1aacb366eb03?s=96&d=mm&r=g","url":"https:\/\/secure.gravatar.com\/avatar\/01f8ecbe53bfdb17e125e1702a5605a51d3993dc27493d8b9c1e1aacb366eb03?s=96&d=mm&r=g","contentUrl":"https:\/\/secure.gravatar.com\/avatar\/01f8ecbe53bfdb17e125e1702a5605a51d3993dc27493d8b9c1e1aacb366eb03?s=96&d=mm&r=g","caption":"onir"},"url":"https:\/\/assuntospolemicosdabiblia.com\/blog\/author\/onir\/"}]}},"_links":{"self":[{"href":"https:\/\/assuntospolemicosdabiblia.com\/blog\/wp-json\/wp\/v2\/posts\/17360","targetHints":{"allow":["GET"]}}],"collection":[{"href":"https:\/\/assuntospolemicosdabiblia.com\/blog\/wp-json\/wp\/v2\/posts"}],"about":[{"href":"https:\/\/assuntospolemicosdabiblia.com\/blog\/wp-json\/wp\/v2\/types\/post"}],"author":[{"embeddable":true,"href":"https:\/\/assuntospolemicosdabiblia.com\/blog\/wp-json\/wp\/v2\/users\/2"}],"replies":[{"embeddable":true,"href":"https:\/\/assuntospolemicosdabiblia.com\/blog\/wp-json\/wp\/v2\/comments?post=17360"}],"version-history":[{"count":1,"href":"https:\/\/assuntospolemicosdabiblia.com\/blog\/wp-json\/wp\/v2\/posts\/17360\/revisions"}],"predecessor-version":[{"id":17875,"href":"https:\/\/assuntospolemicosdabiblia.com\/blog\/wp-json\/wp\/v2\/posts\/17360\/revisions\/17875"}],"wp:featuredmedia":[{"embeddable":true,"href":"https:\/\/assuntospolemicosdabiblia.com\/blog\/wp-json\/wp\/v2\/media\/17368"}],"wp:attachment":[{"href":"https:\/\/assuntospolemicosdabiblia.com\/blog\/wp-json\/wp\/v2\/media?parent=17360"}],"wp:term":[{"taxonomy":"category","embeddable":true,"href":"https:\/\/assuntospolemicosdabiblia.com\/blog\/wp-json\/wp\/v2\/categories?post=17360"},{"taxonomy":"post_tag","embeddable":true,"href":"https:\/\/assuntospolemicosdabiblia.com\/blog\/wp-json\/wp\/v2\/tags?post=17360"}],"curies":[{"name":"wp","href":"https:\/\/api.w.org\/{rel}","templated":true}]}}