{"id":638,"date":"2011-01-27T13:42:49","date_gmt":"2011-01-27T16:42:49","guid":{"rendered":"http:\/\/www.assuntospolemicosdabiblia.com\/?p=638"},"modified":"2011-01-27T13:42:49","modified_gmt":"2011-01-27T16:42:49","slug":"o-eden-de-lucifer-ezequiel-28-13","status":"publish","type":"post","link":"https:\/\/assuntospolemicosdabiblia.com\/blog\/o-eden-de-lucifer-ezequiel-28-13\/","title":{"rendered":"O \u00c9DEN DE L\u00daCIFER &#8211; EZEQUIEL 28: 13"},"content":{"rendered":"<p><strong>Ezequiel<\/strong><\/p>\n<p><strong>28.13\u00a0\u00a0 Estavas no \u00c9den, jardim de Deus; de todas as pedras preciosas te cobrias: o s\u00e1rdio, o top\u00e1zio, o diamante, o berilo, o \u00f4nix, o jaspe, a safira, o carb\u00fanculo e a esmeralda; de ouro se te fizeram os engastes e os ornamentos; no dia em que foste criado, foram eles preparados.<\/strong><\/p>\n<p><strong>INTRODU\u00c7\u00c3O<\/strong><\/p>\n<p>A Ci\u00eancia n\u00e3o tem inten\u00e7\u00e3o na Verdade Teol\u00f3gica,\u00a0 por\u00e9m a Teologia tem inten\u00e7\u00e3o na Verdade Cient\u00edfica;<\/p>\n<p>A Teologia, atrav\u00e9s da Verdade Cient\u00edfica, esclarece e confirma\u00a0 em determinadas circunst\u00e2ncias, quanto \u00e0 explica\u00e7\u00e3o enigm\u00e1tica que envolve as Escrituras Sagradas<\/p>\n<p>A Ci\u00eancia afirma atrav\u00e9s de comprova\u00e7\u00f5es f\u00f3sseis e arqueol\u00f3gicas que o passado da Terra envolve muitos Enigmas apontando ind\u00edcios de fen\u00f4menos\u00a0 com caracter\u00edsticas avan\u00e7adas no que diz respeito \u00e0 Ci\u00eancia, nos prim\u00f3rdios da Terra;<\/p>\n<p>A Bomba At\u00f4mica \u00e9 um exemplo de avan\u00e7ado conhecimento cient\u00edfico.<\/p>\n<p><strong>PARA REFLEX\u00c3O:<\/strong><\/p>\n<p>\u201cQuando explodiu a primeira Bomba At\u00f4mica no Novo M\u00e9xico, o deserto tornou-se um vidro fundido verde, no local da explos\u00e3o.<\/p>\n<p>Esse fato, de acordo com a revista Free Word, ofereceu aos arque\u00f3logos uma pista \u2013 Eles tinham escavado no antigo vale do Eufrates, e haviam desenterrado uma camada de cultura agr\u00e1ria, com oito mil anos de antiguidade, uma camada de cultura de cria\u00e7\u00e3o de gado, mais antiga ainda, e uma ainda mais antiga cultura de homens das cavernas.<\/p>\n<p>Recentemente, eles atingiram uma outra camada \u2013 de vidro verde fundido. Pense s\u00f3 nisso, irm\u00e3o !\u201d (New York Herald Tribune, 16 de fevereiro de 1947).<\/p>\n<p>\u201cPedacinhos de vidro, talvez fundidos em fogueiras \u00e9 uma coisa; mas \u00e1reas inteiras de vidro verde j\u00e1 \u00e9 algo inteiramente diferente.<\/p>\n<p>E esse n\u00e3o \u00e9 o \u00fanico local onde tal coisa tem sido encontrada. H\u00e1 tamb\u00e9m \u00e1reas similares na costa ocidental da Esc\u00f3cia e em outros lugares, onde apenas um lado foi fundido, como se atingido por algum intenso calor, vindo do alto.<\/p>\n<p>Os rel\u00e2mpagos ocasionalmente fundem a areia, mas sempre seguindo o modelo de uma raiz. Portanto, o que produziu uma camada inteira de vidro verde, em diversos lugares da Mesopot\u00e2mia? (Pursuit, Janeiro de 1970, Ian Sanderson).\u201d<\/p>\n<p><strong>( Os textos em refer\u00eancia foram extra\u00eddos da Enciclop\u00e9dia de B\u00edblia, Teologia e Filosofia, P\u00e1gina\u00a0 180 \u2013 Volume I ).<\/strong><\/p>\n<p>Por incr\u00edvel que pare\u00e7a, essa camada de vidro verde fundido est\u00e1 na mesma \u00e1rea geogr\u00e1fica que a B\u00edblia indica a respeito do \u00c9den de Ad\u00e3o e Eva (G\u00eanesis 2: 8). \u00c9 muita coincid\u00eancia de fatos e ocorr\u00eancias.<\/p>\n<p>Observe tamb\u00e9m na mesma \u00e1rea geogr\u00e1fica as diferentes camadas de cultura mostrando os diversos est\u00e1gios de exist\u00eancia na face da Terra:<\/p>\n<ol>\n<li><strong>a) 8(oito) mil anos atr\u00e1s &#8211;<\/strong> \u00c9den de Ad\u00e3o e Eva (G\u00eanesis 2: 8); Ver o Artigo \u201cOs Filhos de Ad\u00e3o e Eva no \u00c9den\u201d, no Site.<\/li>\n<li><strong>b) Homem das cavernas \u2013<\/strong> Homo Habilis ou Homo Erectus &#8211; milh\u00f5es de anos atr\u00e1s; Ver o Artigo \u201cHOMO\u201d, na p\u00e1gina 67, no Livro, no Site.<\/li>\n<li><strong>c) Camada de vidro verde fundido<\/strong> \u2013 <strong>\u00c9den de L\u00facifer &#8211; Ezequiel 28: 13<\/strong> &#8211; dezenas de milh\u00f5es de anos atr\u00e1s; Ver o Artigo \u201cOs Dinossauros\u201d, na p\u00e1gina 85, do Livro, no Site.<\/li>\n<\/ol>\n<p>Teologicamente eu n\u00e3o tenho d\u00favidas de que Deus ao deixar os vest\u00edgios das diversas culturas na mesma regi\u00e3o geogr\u00e1fica da Mesopot\u00e2mia, mesma regi\u00e3o que a B\u00edblia indica como \u00e1rea onde existiu o <strong>\u00c9den de G\u00eanesis 2: 8 \u2013 Ad\u00e3o e Eva<\/strong>, mostra que o <strong>\u00c9den de<\/strong> <strong>L\u00facifer <\/strong>&#8211; <strong>Ezequiel 28: 13<\/strong> existiu na mesma Regi\u00e3o;<\/p>\n<p>Desta forma precisamos nos aprofundar nas camadas da pesquisa arqueol\u00f3gica, junto com o estudo das Escrituras e sair da superficialidade, com Conhecimento, Entendimento e Discernimento.<\/p>\n<p>Deus deixou os vest\u00edgios do passado da Terra para que o Homem atrav\u00e9s do esfor\u00e7o desvende, ou melhor, alcance o Conhecimento, o Entendimento e o Discernimento do seu Criador.<\/p>\n<p>\u201cBuscar-me-eis, e me achareis, quando me buscardes de todo o vosso cora\u00e7\u00e3o\u201d <strong>(Jeremias 29: 13).<\/strong><\/p>\n<p>Por incr\u00edvel que pare\u00e7a\u00a0 essa camada profunda de vidro verde, segundo os cientistas, produzida por algo como uma explos\u00e3o at\u00f4mica, pode ser a resposta para o que a B\u00edblia diz sobre o <strong>\u00c9den de L\u00facifer &#8211; Ezequiel 28: 18 \u201c&#8230;<\/strong> eu, pois, fiz sair do meio de ti um fogo, que te consumiu, e te reduzi a cinzas sobre a Terra, aos olhos de todos os que te contemplam\u201d.<\/p>\n<p>Tudo indica que a <strong>Queda do \u00c9den de L\u00facifer &#8211; Ezequiel 28: 13<\/strong> provocou uma batalha transcendental entre os Seres Celestiais fi\u00e9is a Deus e, Satan\u00e1s (Ex L\u00facifer) e seus dem\u00f4nios, provocando uma situa\u00e7\u00e3o ca\u00f3tica na face da Terra (Apocalipse 12: 7 a 9).<\/p>\n<p>Quero chamar \u00e0 aten\u00e7\u00e3o para o fato de que a B\u00edblia afirma que\u00a0 <strong>EXISTIU<\/strong> \u00a0um <strong>\u00c9den \u2013 Jardim<\/strong> <strong>de Deus (Ezequiel\u00a0 28: 13),<\/strong> anterior em milh\u00f5es de anos ao de Ad\u00e3o e Eva, e ao que tudo indica, na mesma \u00c1rea Geogr\u00e1fica onde existiu o \u00c9den de Ad\u00e3o e Eva.<\/p>\n<p>Um Jardim \u00e9 uma extens\u00e3o de um lar, na vida humana. Por compara\u00e7\u00e3o a B\u00edblia nos mostra que o <strong>Jardim de Deus de Ezequiel 28: 13 <\/strong>\u00a0era uma extens\u00e3o do C\u00e9u, um lugar onde Deus, na Terra, se fazia presente &#8211; \u201cSanto dos Santos ou Lugar Santo\u201d, como o <strong>Jardim do \u00c9den de<\/strong> <strong>Ad\u00e3o e Eva;<\/strong><\/p>\n<p>O <strong>Jardim do \u00c9den<\/strong> \u00e9 uma extens\u00e3o do C\u00e9u, pois est\u00e1 oculto, isto \u00e9, n\u00e3o desapareceu (G\u00eanesis 3: 24 ):<\/p>\n<p><strong>G\u00eanesis<\/strong><\/p>\n<p><strong>3.24<\/strong>\u00a0\u00a0 E, expulso o homem, colocou querubins ao oriente do jardim do \u00c9den e o refulgir de uma espada que se revolvia, para guardar o caminho da \u00e1rvore da vida.<\/p>\n<p><strong>Entendeu?!<\/strong> &#8211; O <strong>Jardim do \u00c9den<\/strong> n\u00e3o desapareceu, e sim, est\u00e1 oculto misteriosamente.<\/p>\n<p>A Terra era perfeita em Deus, totalmente Santa, sem a anunciada contamina\u00e7\u00e3o de <strong>Apocalipse 21: 27:<\/strong><\/p>\n<p><strong>Apocalipse<\/strong><\/p>\n<p><strong>21.27<\/strong>\u00a0\u00a0 Nela, nunca jamais penetrar\u00e1 <strong>coisa alguma contaminada<\/strong>, nem o que pratica abomina\u00e7\u00e3o e mentira, mas somente os inscritos no Livro da Vida do Cordeiro.<\/p>\n<p>\u201cpenetrar\u00e1\u201d = invadir para destruir.<\/p>\n<p>\u201ccoisa alguma contaminada\u201d = Ver o Artigo \u201cA ORIGEM DO MAU\u201d, no Site\/Blog.<\/p>\n<p>\u201cnem o que pratica abomina\u00e7\u00e3o e mentira\u201d = Satan\u00e1s e seus dem\u00f4nios.<\/p>\n<p>A Terra era habitada por Deus e os Seres Celestiais criados por Ele. Como e em que condi\u00e7\u00f5es isso se deu, \u00e9 um mist\u00e9rio que foi totalmente apagado, isto \u00e9, a Terra foi totalmente transformada e reduzida a um caos \u2013 A Terra ficou sem forma e vazia\u00a0 (G\u00eanesis 1: 2) (Ezequiel\u00a0 28: 1 a 19).<\/p>\n<p>Os ind\u00edcios intrigante e enigm\u00e1ticos\u00a0 est\u00e3o relacionados com o <strong>\u00c9den de L\u00facifer &#8211; Ezequiel 28: 13,<\/strong> eu n\u00e3o tenho como n\u00e3o acreditar.<\/p>\n<p>Deus destruiu todos os sinais da presen\u00e7a dos Seres Celestiais e de Sua presen\u00e7a da face da Terra, mas deixou os sinais enigm\u00e1ticos da pot\u00eancia em fogo, que foi a batalha da queda de L\u00facifer, com a conseq\u00fcente extin\u00e7\u00e3o da vida na Terra, em face da contamina\u00e7\u00e3o do Mau, provocada por L\u00facifer &#8211; Satan\u00e1s;<\/p>\n<p>Na <strong>Queda do \u00c9den de L\u00facifer &#8211; Ezequiel\u00a0 28: 13 <\/strong>\u00a0&#8211;\u00a0 Deus destruiu as condi\u00e7\u00f5es \u201creinantes\u201d da face da Terra.<\/p>\n<p>Eu entendo que a Terra foi restaurada segundo o prop\u00f3sito de Deus de criar condi\u00e7\u00f5es para dar ao Homem o melhor meio de vida, sem nenhum tipo de transtorno, tendo os Anjos como protetores dos Homens conforme Salmos 91: 10 -12 e Salmos 34: 7.<\/p>\n<p>O Homem s\u00f3 conhecia o Bem, por isso a designa\u00e7\u00e3o inicial do <strong>\u00c9den, de Para\u00edso<\/strong> &#8211; Uma extens\u00e3o do C\u00e9u.<\/p>\n<p>As condi\u00e7\u00f5es atuais \u00a0s\u00e3o frutos da maldi\u00e7\u00e3o pela contamina\u00e7\u00e3o que tornou a Terra morada de Dem\u00f4nios, em fase do Pecado (Queda) (G\u00eanesis 3: 17) (Apocalipse 18: 2).<\/p>\n<p>Na <strong>Queda do \u00c9den de L\u00facifer &#8211; Ezequiel 28: 13<\/strong>\u00a0 Deus destruiu as condi\u00e7\u00f5es \u201creinantes\u201d da face da Terra.<\/p>\n<p>Na <strong>Queda do \u00c9den de Ad\u00e3o e Eva<\/strong> (G\u00eanesis 3: 1-24) Deus n\u00e3o destruiu as condi\u00e7\u00f5es \u201creinantes\u201d da face da Terra, mas deixou que condi\u00e7\u00f5es malditas \u201creinassem\u201d, como meio de salvar \u00e0queles que por livre arb\u00edtrio optassem entre o <strong>Bem e o Mal. <\/strong>Ver o Artigo \u201cA Salva\u00e7\u00e3o e a Vida Eterna\u201d, no Site\/Blog.<\/p>\n<p>Lamentavelmente a Ci\u00eancia, e, uma parte dos Te\u00f3logos n\u00e3o entendem que o Mundo (Universo) \u00e9 conforme Deus determina.<\/p>\n<p>Se Deus quiser parar o Universo, Ele p\u00e1ra <strong>(Josu\u00e9 10: 12 e 13).<\/strong> Se quiser retroceder seus movimentos, Ele retrocede <strong>(2\u00b0 Reis 20: 1 a 11).<\/strong> Se quiser fazer outro Universo, e, Terra, Ele faz, como est\u00e1 profetizado que far\u00e1 um novo C\u00e9u e uma Nova Terra <strong>(Apocalipse 21: 1 a 27).<\/strong><\/p>\n<p>&nbsp;<\/p>\n<p><strong>UMA PAUSA PARA REFLEX\u00c3O<\/strong><\/p>\n<p>Neste ponto do Assunto vou fazer uma reflex\u00e3o, e, lembrar que Deus , em <strong>N\u00fameros 12: 8<\/strong> afirma que as Escrituras Sagradas est\u00e3o envoltas em <strong>Enigmas;<\/strong><\/p>\n<p><strong>N\u00fameros<\/strong><\/p>\n<p><strong>12.8<\/strong>\u00a0\u00a0 Boca a boca falo com ele, claramente e n\u00e3o <strong>por enigmas;<\/strong> pois ele v\u00ea a forma do Senhor; como, pois, n\u00e3o temestes falar contra o meu servo, contra Mois\u00e9s?<\/p>\n<p>Querer estudar a B\u00edblia de forma Literal tem sido o motivo de interpreta\u00e7\u00f5es in\u00f3cuas e her\u00e9ticas;<\/p>\n<p>A B\u00edblia n\u00e3o \u00e9 um Livro qualquer.<\/p>\n<p>A B\u00edblia n\u00e3o tem contradi\u00e7\u00f5es, pois o Seu Criador \u00e9 <strong>Onisciente, Onipotente e Onipresente,<\/strong> logo, n\u00e3o se contradiz, pelo contr\u00e1rio, <strong>DIZ !<\/strong><\/p>\n<p>Quem entende como contradi\u00e7\u00f5es os seus escritos, esquece que Deus falou ( fala ) por <strong>Enigmas (N\u00fameros 12: 8),<\/strong> logo, as Suas Verdades n\u00e3o est\u00e3o em ordens Cronol\u00f3gicas e Literais; Ver o Artigo \u201cA B\u00edblia, Jesus e o Anticristo\u201d, no Site\/Blog;<\/p>\n<p>A Teologia \u00e9 a Ci\u00eancia dos Enigmas de Deus, no meu entendimento.<\/p>\n<p>A B\u00edblia \u00e9 o Livro Teol\u00f3gico que contem toda a Verdade, por\u00e9m encobertas por Enigmas, e revelados, no devido tempo, por Deus.<\/p>\n<p><strong>Por que Deus falou (fala) por Enigmas ?<\/strong><\/p>\n<p>Porque se Deus falasse abertamente como Ele \u00e9, <strong>bem como,<\/strong> mostrasse abertamente as maravilhas do Reino Celestial, o Homem, certamente, <strong>O<\/strong> buscaria, n\u00e3o por amor e adora\u00e7\u00e3o, <strong>mas por simples interesse;<\/strong><\/p>\n<p>&nbsp;<\/p>\n<p><strong>PLANETA TERRA &#8211; ORGANISMO VIVO<\/strong><\/p>\n<p><strong><em>A CRIA\u00c7\u00c3O INANIMADA N\u00c3O RECONHECEU O CRIADOR<\/em><\/strong><\/p>\n<p>\u201cChegada a hora sexta, houve trevas sobre toda a Terra, at\u00e9 a hora nona<strong>\u201d [Marcos 15: 33].<\/strong><\/p>\n<p>Foram <strong>tr\u00eas horas<\/strong> de trevas, logo, n\u00e3o foi um fen\u00f4meno natural como um <strong>eclipse !<\/strong><\/p>\n<p>A B\u00edblia afirma que Deus criou o Mundo para o Seu louvor e adora\u00e7\u00e3o, e, que todas as coisas foram criadas dEle, por Ele e para Ele<strong>.[Romanos 11: 36].[Jo\u00e3o 1: 3].<\/strong><\/p>\n<p><strong>O Salmos 148: 1 a 14,<\/strong> mostra como a Cria\u00e7\u00e3o reverencia o Seu Criador.<\/p>\n<p><strong>\u00a0Salmos 148: 3<\/strong> \u2013 louvai-o, Sol e Lua &#8211; numa prova de que tudo que existe <strong>emanou <\/strong>do Criador de forma transcendental e enigm\u00e1tica<strong>, para o Seu louvor e Adora\u00e7\u00e3o<\/strong> [Colossenses 1: 13 a 23].<\/p>\n<p><strong>EMANAR =<\/strong> Fluir de; Nascer de; Originar-se de.<\/p>\n<p>O Homem \u00e9 o \u00fanico que tem o livre arb\u00edtrio para adorar o Criador, tanto \u00e9 verdade que Jo\u00e3o 4: 23 e 24 afirmam que Deus procura adoradores que O adorem em esp\u00edrito e em verdade.<\/p>\n<p>Jesus \u00e9 a Pessoa da Trindade que possui o Atributo Divino da Onipot\u00eancia quando afirma que possui todo o <strong>Poder no C\u00e9u e na Terra<\/strong>. [Mateus 28: 18].[Filipenses 3: 21].<\/p>\n<p>As provas da Onipot\u00eancia de JESUS s\u00e3o in\u00fameras em toda a B\u00edblia e evidenciadas no Novo Testamento, sendo que a afirma\u00e7\u00e3o mais conclusiva est\u00e1 em <strong>Marcos 4: 41<\/strong> quando os disc\u00edpulos diziam uns aos outros: <strong>\u201cquem \u00e9 este que at\u00e9 o vento e o mar lhe obedecem?\u201d<\/strong><\/p>\n<p>S\u00f3 obedece o qu\u00ea est\u00e1 subordinado e sob controle.<\/p>\n<p>Voc\u00ea entende, ap\u00f3s estas coloca\u00e7\u00f5es, por que se fez trevas sobre toda a Terra da hora sexta [12:00 h] at\u00e9 \u00e0 hora nona [15:00 h], quando Jesus foi crucificado? (Marcos 15: 33)<\/p>\n<p>Voc\u00ea entende AGORA o porqu\u00ea da Terra ser um <strong>\u201corganismo vivo\u201d<\/strong> teologicamente?<\/p>\n<p>&#8211; A conclus\u00e3o est\u00e1 em que a Cria\u00e7\u00e3o Inanimada \u2013 <strong>que emanou do Criador \u2013<\/strong> n\u00e3o reconheceu mais o Criador \u2013 <strong>que desceu da Sua Gl\u00f3ria<\/strong> \u2013 e de forma transcendental e enigm\u00e1tica, <strong>\u201crevoltou-se\u201d,<\/strong> <strong>\u201cindignou-se\u201d,<\/strong> diante do estado pecaminoso que Jesus assumiu em favor do pecador, durante \u00e0quelas horas de vida na cruz.<\/p>\n<p>Desta forma eu n\u00e3o tenho a menor d\u00favida de que a Terra \u00e9 um <strong>&#8220;organismo vivo&#8221;,<\/strong> criado por Deus e sob Seu controle;<\/p>\n<p><strong>Durante o <em>Per\u00edodo de Perfei\u00e7\u00e3o<\/em> todos os elementos citados comportam-se em harmonia transcendental por for\u00e7a da Presen\u00e7a de Deus no Jardim do \u00c9den; A Terra e o Universo \u00e9 um Organismo Vivo\u00a0 Criado para o Louvor e Adora\u00e7\u00e3o ao Criador ( SALMOS 148: 1 a 14 );<\/strong><\/p>\n<p><strong>Durante o <em>Per\u00edodo de Contamina\u00e7\u00e3o<\/em> pelo Mau, como estamos vivendo atualmente, segundo afirma G\u00eanesis 3: 17 &#8211; Maldita \u00e9 a Terra por tua causa &#8211; Deus permitiu o estado de \u201ccontamina\u00e7\u00e3o\u201d\u00a0 para n\u00e3o destruir o Seu Projeto de Salva\u00e7\u00e3o e deixou que o Mal servisse de \u201cProvas\u201d, para \u201cAprovar\u201d ou \u201cReprovar\u201d como condi\u00e7\u00f5es iniciais para se herdar o Reino Celestial. Ver o Artigo \u201cA Salva\u00e7\u00e3o e a Vida Eterna\u201d, no Site<\/strong><\/p>\n<p><strong>\u00a0<\/strong><\/p>\n<p><strong>PENSE NISSO:<\/strong><\/p>\n<p>Deus criou, inicialmente, o Universo e a Terra com o objetivo de habit\u00e1-la com Anjos, a fim de provar e aprovar ou reprovar \u00e0queles que foram criados (Judas 6) . (Judas 9).<\/p>\n<p>O <strong>\u00c9den e Jardim de Deus, de Ezequiel 28:1 a 19,<\/strong> principalmente o vers\u00edculo 13, nos d\u00e1 uma id\u00e9ia disso ao fazer uma <strong>simbologia <\/strong>atrav\u00e9s do <strong>Rei de Tiro<\/strong>, conforme nossa concep\u00e7\u00e3o humana de vida, a fim de se entender aquele per\u00edodo, enigm\u00e1tico e transcendental.<\/p>\n<p><strong>L\u00facifer <\/strong>\u00e9 citado,<strong> enigmaticamente, <\/strong>como <strong>Rei de Tiro<\/strong> (Ezequiel 28: 12) e personagem principal daquele per\u00edodo, tendo sido provado e reprovado com os demais Anjos que o acompanharam na reprova\u00e7\u00e3o e perdi\u00e7\u00e3o Eterna<strong>. (Ezequiel 28: 19).<\/strong><\/p>\n<p>Quanto a atividade dos Anjos em outros Planetas, nada se pode especular, pois a B\u00edblia n\u00e3o nos mostra nenhum ind\u00edcio nesse sentido, e, nem as explora\u00e7\u00f5es espaciais at\u00e9 agora realizadas &#8211; em rela\u00e7\u00e3o aos Anjos.<\/p>\n<p>O maior mist\u00e9rio est\u00e1 na <strong>\u201csubst\u00e2ncia\u201d<\/strong> imperfeita que contaminou L\u00facifer e os demais anjos ca\u00eddos, bem como, a Ad\u00e3o e Eva, com conseq\u00fc\u00eancias para toda a vida na Terra, caracterizada biblicamente de <strong>\u00c1rvore do Conhecimento do Bem e do Mal<\/strong> (G\u00eanesis 2: 9) (coisa que contamina &#8211; Apocalipse 21: 27).<\/p>\n<p>Precisa ficar entendido que a afirma\u00e7\u00e3o B\u00edblica\u00a0 de que a Terra ficou <strong>sem forma e vazia<\/strong> \u00a0tem uma dimens\u00e3o que envolve todas as Esp\u00e9cies\u00a0 existentes at\u00e9 aquele Per\u00edodo; A Ci\u00eancia por sua vez afirma que nem todas as esp\u00e9cies foram extintas juntamente com a extin\u00e7\u00e3o dos Dinossauros, equivocadamente;<\/p>\n<p>Por for\u00e7a da contamina\u00e7\u00e3o do Mau, atrav\u00e9s de L\u00facifer, Deus precisou extinguir toda a vida da Terra &#8211; a Terra ficou sem forma e vazia (G\u00eanesis 1: 2 ).<\/p>\n<p>Todo o Sistema Cient\u00edfico baseia a cria\u00e7\u00e3o do Universo e a Terra atrav\u00e9s da Teoria da Evolu\u00e7\u00e3o, procurando juntar os <strong>\u201cElos\u201d<\/strong> enigm\u00e1ticos\u00a0 envolvendo a mat\u00e9ria, o tempo e o espa\u00e7o, por\u00e9m quanto mais se aprofundam, mais distantes e enigm\u00e1ticos ficam os fatores envolvidos;<\/p>\n<p>&nbsp;<\/p>\n<p><strong>O PETR\u00d3LEO E A B\u00cdBLIA<\/strong><\/p>\n<p>O Petr\u00f3leo que hoje n\u00f3s usamos como fonte de energia f\u00f3ssil, \u00e9 oriundo de <strong>grande parte<\/strong> <strong>de mat\u00e9ria org\u00e2nica<\/strong> que existia na face da Terra, como plantas [\u00e1rvores gigantescas] e animais [Dinossauros], por exemplos, mas que foram \u201cengolidos\u201d pela terra e ficaram depositados sob press\u00e3o e calor nas profundezas, em decomposi\u00e7\u00e3o e transforma\u00e7\u00e3o em microorganismos, <strong>sob rochas espec\u00edficas,<\/strong> tais como: <strong>Geradora,<\/strong> <strong>Reservat\u00f3rio e Selante;<\/strong> por <strong>milh\u00f5es de anos<\/strong>, transformando-se em <strong>\u00d3leo e G\u00e1s.<\/strong><\/p>\n<p>A B\u00edblia nos diz, em <strong>Ezequiel 31: 16b e 18b<\/strong> [Almeida Revista e Atualizada], que as <strong>\u201cArvores do \u00c9den\u201d<\/strong> foram parar nas profundezas da Terra, como forma enigm\u00e1tica de mostrar que Deus, ao tornar a Terra sem forma e vazia, ap\u00f3s a queda do <strong>\u00c9den de Ezequiel<\/strong> <strong>28: 13, onde L\u00facifer<\/strong> era o Querubim da Guarda, fez com que grande parte da mat\u00e9ria org\u00e2nica fosse para as profundezas da Terra.<\/p>\n<p><strong>Ezequiel<\/strong><\/p>\n<p><strong>31.16<\/strong>\u00a0\u00a0 Ao som da sua queda, fiz tremer as na\u00e7\u00f5es, quando o fiz passar para o al\u00e9m com os que descem \u00e0 cova; <strong>todas as \u00e1rvores do \u00c9den<\/strong>, a fina flor e o melhor do L\u00edbano, todas as que foram regadas pelas \u00e1guas <strong>se consolavam nas profundezas da terra.<\/strong><\/p>\n<p><strong>Ezequiel<\/strong><\/p>\n<p><strong>31.18<\/strong>\u00a0\u00a0 A quem, pois, \u00e9s semelhante em gl\u00f3ria e em <strong>grandeza entre as \u00e1rvores do \u00c9den?<\/strong> Todavia, <strong>descer\u00e1s com as \u00e1rvores do \u00c9den<\/strong> <strong>\u00e0s profundezas da terra<\/strong>;<\/p>\n<p>Entendeu o significado enigm\u00e1tico das afirma\u00e7\u00f5es sobre as \u00e1rvores do \u00c9den nas profundezas da Terra, em rela\u00e7\u00e3o \u00e0 Queda de L\u00facifer e ao Petr\u00f3leo?!<\/p>\n<p><strong>O Iraque,<\/strong> regi\u00e3o onde a B\u00edblia nos indica que existiram o <strong>\u00c9den de Ezequiel 28: 13 e o \u00c9den<\/strong> <strong>de Ad\u00e3o e Eva<\/strong>,\u00a0 possui uma das maiores reservas de Petr\u00f3leo do Mundo. \u00c9 muita coincid\u00eancia<strong> b\u00edblica, cient\u00edfica e arqueol\u00f3gica.<\/strong><\/p>\n<p>&nbsp;<\/p>\n<p><strong>O MIST\u00c9RIO DO \u00c9DEN DE L\u00daCIFER &#8211; EZEQUIEL 28: 13<\/strong><\/p>\n<p>Quando lemos a B\u00edblia em <strong>G\u00eanesis 1: 1 e 2<\/strong>\u00a0 ,e, contextualizamos com <strong>Ezequiel 28: 13<\/strong> podemos dizer que a <strong>extin\u00e7\u00e3o dos Dinossauros \u00e0 65 milh\u00f5es de anos,<\/strong> marcou o fim do <strong>Per\u00edodo do Primeiro \u00c9den<\/strong>, quando a Terra ficou sem forma e vazia <strong>( G\u00eanesis 1: 2 );<\/strong><\/p>\n<p><strong>Porque a B\u00edblia n\u00e3o cita os Dinossauros?<\/strong><\/p>\n<p>Porque eles existiram no Per\u00edodo Enigm\u00e1tico de <strong>G\u00eanesis 1: 1 e 2,<\/strong> quando a Terra ficou sem forma e vazia.<\/p>\n<p>Tudo indica que o Mist\u00e9rio de Deus n\u00e3o citar os Dinossauros nas Escrituras Sagradas, mas deixar os seus ind\u00edcios arqueol\u00f3gicos, em face daquele Per\u00edodo ser Transcendental, <strong>n\u00e3o deixa d\u00favidas<\/strong> que est\u00e1 inserido na refer\u00eancia de <strong>G\u00eanesis 1: 1 e 2,<\/strong> e <strong>MOSTRA <\/strong>que aquele Per\u00edodo ser\u00e1 recriado quando do Novo C\u00e9u e Nova Terra, contextualizando com a afirma\u00e7\u00e3o de <strong>Apocalipse 21: 5:<\/strong><\/p>\n<p><strong>Apocalipse<\/strong><\/p>\n<p><strong>21.5<\/strong>\u00a0\u00a0 E aquele que est\u00e1 assentado no trono disse: Eis que <strong>fa\u00e7o novas todas as coisas.<\/strong> E acrescentou: Escreve, porque estas palavras s\u00e3o fi\u00e9is e verdadeiras.<\/p>\n<p>Ver o Artigo \u201cO PROF\u00c9TICO REINO MILENIAL\u201d, no Site.<\/p>\n<p>N\u00e3o tenho receio em afirmar que o Novo C\u00e9u e a Nova Terra ser\u00e3o habitados por Esp\u00e9cies que foram extintas quando da extin\u00e7\u00e3o dos Dinossauros;<\/p>\n<p>Tudo indica que o per\u00edodo compreendido entre a Cria\u00e7\u00e3o at\u00e9 a extin\u00e7\u00e3o dos Dinossauros era Perfeito, sem a contamina\u00e7\u00e3o do Mau, causado pela desobedi\u00eancia de L\u00facifer e seus Anjos seguidores;<\/p>\n<p>Meu embasamento Teol\u00f3gico encontra amparo no fato de que Deus precisou destruir da face da Terra as <strong>\u201ccoisas<\/strong>\u201d criadas \u00a0por causa da contamina\u00e7\u00e3o do Mau,\u00a0 quando da extin\u00e7\u00e3o dos Dinossauros, em <strong>G\u00eanesis 1: 1 e 2;<\/strong><\/p>\n<p>Para quem gosta de uma \u201cboa\u201d\u00a0 Exegese e Hermen\u00eautica, contextualizada, sobre o <strong>\u00c9den <\/strong>em que <strong>L\u00facifer <\/strong>\u00a0era o <strong>Querubim da Guarda,<\/strong> deixo as refer\u00eancias sob o aspecto enigm\u00e1tico QUE ELAS ENCERRAM (N\u00fameros 12: 8):<\/p>\n<p><strong>Ezequiel<\/strong><\/p>\n<p><strong>28.13<\/strong>\u00a0\u00a0 <strong>Estavas no \u00c9den,<\/strong> <strong>jardim de Deus;<\/strong> de todas as pedras preciosas te cobrias: o s\u00e1rdio, o top\u00e1zio, o diamante, o berilo, o \u00f4nix, o jaspe, a safira, o carb\u00fanculo e a esmeralda; de ouro se te fizeram os engastes e os ornamentos; no dia em que foste criado, foram eles preparados.<\/p>\n<p><strong>28.14<\/strong>\u00a0\u00a0 Tu eras <strong>querubim da guarda ungido<\/strong>, e te estabeleci; permanecias no <strong>monte<\/strong> <strong>santo de Deus,<\/strong> no brilho das pedras andavas.<\/p>\n<p><strong>28.15<\/strong>\u00a0\u00a0 <strong>Perfeito <\/strong>eras nos teus caminhos, desde o dia em que foste criado at\u00e9 que se achou iniq\u00fcidade em ti.<\/p>\n<p><strong>Ezequiel<\/strong><\/p>\n<p><strong>31.8<\/strong>\u00a0\u00a0 Os cedros no <strong>jardim de Deus<\/strong> n\u00e3o lhe eram rivais; os ciprestes n\u00e3o igualavam os seus ramos, e os pl\u00e1tanos n\u00e3o tinham renovos como os seus; nenhuma <strong>\u00e1rvore no jardim de<\/strong> <strong>Deus <\/strong>se assemelhava a ele na sua formosura.<\/p>\n<p><strong>31.9<\/strong>\u00a0\u00a0 Formoso o fiz com a multid\u00e3o dos seus ramos; todas as <strong>\u00e1rvores do \u00c9den<\/strong>, que estavam no <strong>Jardim de Deus,<\/strong> tiveram inveja dele;<\/p>\n<p><strong>31.16<\/strong>\u00a0\u00a0 Ao som da sua queda, fiz tremer as na\u00e7\u00f5es, quando o fiz passar para o al\u00e9m com os que descem \u00e0 cova; todas as <strong>\u00e1rvores do \u00c9den,<\/strong> a fina flor e o melhor do L\u00edbano, todas as que foram regadas pelas \u00e1guas se consolavam <strong>nas profundezas da terra.<\/strong><\/p>\n<p><strong>31.18<\/strong>\u00a0\u00a0 A quem, pois, \u00e9s semelhante em gl\u00f3ria e em grandeza entre as <strong>\u00e1rvores do \u00c9den?<\/strong> Todavia, descer\u00e1s com as <strong>\u00e1rvores do \u00c9den \u00e0s profundezas da terra;<\/strong><\/p>\n<p>Detalhe que n\u00e3o deixa a menor d\u00favida est\u00e1 no fato de que o Petr\u00f3leo \u00e9 formado a partir de mat\u00e9ria org\u00e2nica &#8211; animais e plantas; Os textos B\u00edblicos acima afirmam que a milh\u00f5es de anos, Plantas , por exemplo, foram parar nas profundezas da Terra;<\/p>\n<p><strong>Entendeu?!<\/strong><\/p>\n<p><strong>Se n\u00e3o entendeu,<\/strong> a milh\u00f5es de anos passados Deus deixou a Terra sem forma e vazia, para fazer uma purifica\u00e7\u00e3o contra o Mau provocado por L\u00facifer, ocasi\u00e3o que grande parte da Mat\u00e9ria Org\u00e2nica da face da Terra foi parar nas profundezas do Solo;<\/p>\n<p>Fica evidente o motivo de existir Petr\u00f3leo em v\u00e1rias Regi\u00f5es do Planeta, inclusive no subsolo de Regi\u00f5es Mar\u00edtimas, que com as conseq\u00fc\u00eancias do Mau ocasionou e continua\u00a0 toda esta mudan\u00e7a na Crosta Terrestre.<\/p>\n<p>Pode parecer rid\u00edculo afirmar que todas estas desarmonias que hoje comp\u00f5em a Geof\u00edsica da Terra, s\u00e3o conseq\u00fc\u00eancias da contamina\u00e7\u00e3o do Mau que come\u00e7ou com L\u00facifer e depois com Ad\u00e3o;<\/p>\n<p>Preste Aten\u00e7\u00e3o que Deus inicialmente criou a Terra Perfeita nas condi\u00e7\u00f5es de Para\u00edso e <strong>Jardim de Deus<\/strong>, onde Deus se fazia presente, misteriosamente<strong>; (G\u00eanesis 3: 8)<\/strong><\/p>\n<p>A\u00a0 Ci\u00eancia estuda a Origem da Terra e Universo atrav\u00e9s da <strong>Teoria da Evolu\u00e7\u00e3o, e<\/strong> com todos os seus avan\u00e7os tecnol\u00f3gicos n\u00e3o consegue fechar os <strong>\u201cELOS\u201d<\/strong> que mais se ampliam \u00e0 medida que se aprofundam nos conhecimentos <strong>CIENT\u00cdFICOS;<\/strong><\/p>\n<p>Quando se tem experi\u00eancia com o <strong>Poder de Deus<\/strong> \u00e9 desalentador assistir na Televis\u00e3o os diversos document\u00e1rios sobre a Origem do Universo e a vida na Terra, sempre ignorando a exist\u00eancia de um <strong>Criador,<\/strong> e sempre com evasivas ante o inesplic\u00e1vel.<\/p>\n<p>A Teologia tem a resposta para esclarecer a Origem do Universo e da Terra, por\u00e9m sob <strong>Enigm\u00e1tica Escritura B\u00edblica<\/strong>, considerando o esfor\u00e7o pessoal atrav\u00e9s do Conhecimento e Entendimento, por\u00e9m sob o<strong> Discernimento<\/strong> que \u00e9 Dom de Deus ( 1\u00aa Cor\u00edntios 12: 10 ).<\/p>\n<p>&nbsp;<\/p>\n<p><strong>UMA PAUSA PARA UM RESUMO TEOL\u00d3GICO<\/strong><\/p>\n<p><strong><em>NO PRINC\u00cdPIO CRIOU DEUS OS C\u00c9US E A TERRA<\/em><\/strong><\/p>\n<p><strong>(G\u00caNESIS 1: 1)<\/strong><\/p>\n<p>N\u00e3o poderia deixar de fazer um coment\u00e1rio sobre uma pergunta que intriga a tantos quantos conhecem a geologia da Terra. Como explicar a idade do Planeta e do Universo diante da B\u00edblia?<\/p>\n<p><strong>Vou resumir minha opini\u00e3o em poucas palavras<\/strong>. Entre os vers\u00edculos 1 e 2 de G\u00eanesis cap\u00edtulo primeiro est\u00e1 a resposta.\u00a0 Deus \u00e9 Perfeito e sempre, fez e faz tudo Perfeito. Deus criou o C\u00e9u e a Terra, isto \u00e9, o Mundo Perfeito;<\/p>\n<p>O Mundo e principalmente o planeta Terra era Perfeito e habitado por Deus e os Seres Criados por Ele. O <strong>Jardim do \u00c9den citado em Ezequiel 28: 12 a 15<\/strong> nos comprovam isto. Foi a Queda, isto \u00e9, a contamina\u00e7\u00e3o de L\u00facifer e seus Anjos seguidores que transformaram a Terra em um caos (G\u00eanesis 1: 2) (Ezequiel 31: 8 e 9).<\/p>\n<p><strong>L\u00facifer era Querubim ungido<\/strong> e habitava o Monte Santo de Deus \u2013 <strong>\u00c9den de Ezequiel 28: 13<\/strong> <strong>e 14.<\/strong><\/p>\n<p><strong>L\u00facifer &#8211; Pr\u00edncipe de Deus &#8211;<\/strong> transformou-se em <strong>Satan\u00e1s e pr\u00edncipe do Mau<\/strong>\u00a0 no Mundo (Jo\u00e3o 12: 31; 16:11) (Ezequiel 28: 2 &#8211; Enigmaticamente).<\/p>\n<p>O Mundo Jaz no Maligno (1\u00b0 Jo\u00e3o 5: 19), porque ele se intitula o \u201cdono\u201d do Mundo onde habitou inicialmente, como Pr\u00edncipe. (Jo\u00e3o 14: 30).<\/p>\n<p>Satan\u00e1s tem inveja do Homem e tudo faz para destru\u00ed-lo, porque perdeu o direito \u00e0s promessas do Reino de Deus, no C\u00e9u e na Terra. (Apocalipse 12: 12) (Jo\u00e3o 12: 31).<\/p>\n<p>Em Jo\u00e3o 14: 30\u00a0 Jesus afirma que Satan\u00e1s \u00e9 o pr\u00edncipe do Mundo numa demonstra\u00e7\u00e3o clara de que ele o foi quando era \u201cRESPLENDOR\u201d por ocasi\u00e3o do <strong>\u00c9den de Ezequiel 28: 13 e 17.<\/strong><\/p>\n<p>Tudo o que a Ci\u00eancia pergunta sobre as Eras Glaciais, Petr\u00f3leo, Carv\u00e3o Mineral, Dinossauros, etc, etc, encobertos por milh\u00f5es e milh\u00f5es de anos de transforma\u00e7\u00e3o \u00e9 respondido pelo vers\u00edculo 2 de G\u00eanesis cap\u00edtulo primeiro, em que a Terra se apresenta sem forma e vazia (Ezequiel 31: 16b,18b).<\/p>\n<p>Para completar o racioc\u00ednio e uma melhor compreens\u00e3o do que foi explicado desde o in\u00edcio de todas estas reflex\u00f5es sobre o <strong>\u00c9den de L\u00facifer &#8211; Ezequiel 28: 13<\/strong>\u00a0 \u00e9 interessante fazer uma <strong>Leitura sincronizada<\/strong> do que <strong>diz a B\u00edblia,<\/strong> de forma enigm\u00e1tica, na seguinte ordem:<\/p>\n<p><strong>1\u00ba )\u00a0\u00a0\u00a0\u00a0\u00a0 G\u00eanesis<\/strong> 1: 1<\/p>\n<p>No princ\u00edpio criou Deus os C\u00e9us e a Terra \u2013 G\u00eanesis 1: 1; (criou perfeita) ou Deus faz alguma coisa sem forma e vazia? (Isaias 45: 18b)<\/p>\n<p><strong>Isa\u00edas<\/strong><\/p>\n<p><strong>45.18<\/strong>\u00a0\u00a0 Porque assim diz o SENHOR, que criou os c\u00e9us, o Deus que formou a terra, que a fez e a estabeleceu; <strong>que n\u00e3o a criou para ser um caos, mas para ser habitada:<\/strong> Eu sou o SENHOR, e n\u00e3o h\u00e1 outro.<\/p>\n<p><strong>Entendeu?<\/strong> N\u00e3o a Criou para ser um caos, mas para ser habitada!<\/p>\n<p><strong>2\u00ba )\u00a0\u00a0\u00a0\u00a0\u00a0 Ezequiel 28: 13 a 15<\/strong><\/p>\n<p><strong>Ezequiel<\/strong><\/p>\n<p><strong>28.12<\/strong>\u00a0\u00a0 Filho do homem, levanta uma lamenta\u00e7\u00e3o contra o rei de Tiro e dize-lhe: Assim diz o SENHOR Deus: <strong>Tu \u00e9s o sinete da perfei\u00e7\u00e3o, cheio de sabedoria e formosura.<\/strong><\/p>\n<p><strong>28.13<\/strong>\u00a0\u00a0 <strong>Estavas no \u00c9den, jardim de Deus<\/strong>; de todas as pedras preciosas te cobrias: o s\u00e1rdio, o top\u00e1zio, o diamante, o berilo, o \u00f4nix, o jaspe, a safira, o carb\u00fanculo e a esmeralda; de ouro se te fizeram os engastes e os ornamentos; no dia em que foste criado, foram eles preparados.<\/p>\n<p><strong>28.14<\/strong>\u00a0\u00a0 <strong>Tu eras querubim da guarda ungido<\/strong>, e te estabeleci; permanecias no monte santo de Deus, no brilho das pedras andavas.<\/p>\n<p><strong>28.15<\/strong>\u00a0\u00a0 <strong>Perfeito eras nos teus caminhos<\/strong>, desde o dia em que foste criado at\u00e9 que se achou iniq\u00fcidade em ti.<\/p>\n<p>A Terra era habitada por Deus e seus Anjos Celestiais, como um <strong>Jardim do \u00c9den<\/strong> \u2013 <strong>Ezequiel 28: 13;<\/strong> o \u00c9den era uma esp\u00e9cie de Santu\u00e1rio e o <strong>Jardim do \u00c9den<\/strong> uma esp\u00e9cie de Santo dos Santos;<\/p>\n<p>Uma parte desses anjos, liderados por L\u00facifer, contaminaram-se com o AntiDeus (Mau), querendo ser igual a Deus \u2013 <strong>Ezequiel 28: 15;<\/strong><\/p>\n<p><strong>3\u00ba )\u00a0\u00a0\u00a0\u00a0\u00a0 Isa\u00edas 14: 12 a 15<\/strong><\/p>\n<p><strong>Isa\u00edas<\/strong><\/p>\n<p><strong>14.12<\/strong>\u00a0\u00a0 Como ca\u00edste do c\u00e9u, \u00f3 estrela da manh\u00e3, filha da alva! Como foste lan\u00e7ado por terra, tu que debilitavas as na\u00e7\u00f5es!<\/p>\n<p><strong>14.13<\/strong>\u00a0\u00a0 E tu dizias no teu<strong> cora\u00e7\u00e3o<\/strong>: Eu subirei ao c\u00e9u, e, acima das estrelas de Deus, exaltarei o meu trono, e, no monte da congrega\u00e7\u00e3o, me assentarei, da banda dos lados do Norte.<\/p>\n<p><strong>\u00a014.14<\/strong>\u00a0\u00a0 Subirei acima das mais altas nuvens e serei semelhante ao Alt\u00edssimo.<\/p>\n<p><strong>14.15<\/strong>\u00a0\u00a0 E, contudo, levado ser\u00e1s ao inferno, ao mais profundo do abismo.<\/p>\n<p>Contextualizando com a <strong>Queda do \u00c9den de L\u00facifer &#8211; Ezequiel 28: 13,<\/strong> enigmaticamente, os textos de <strong>Isa\u00edas <\/strong>mostram como se processou no <strong>\u201ccora\u00e7\u00e3o\u201d<\/strong> de L\u00facifer a tenta\u00e7\u00e3o que o levou a contamina\u00e7\u00e3o pelo Mau;<\/p>\n<p><strong>4\u00ba )\u00a0\u00a0\u00a0\u00a0\u00a0 Apocalipse 12: 7 a 9<\/strong><\/p>\n<p><strong>Apocalipse<\/strong><\/p>\n<p><strong>12.7<\/strong>\u00a0\u00a0 Houve peleja no c\u00e9u. Miguel e os seus anjos pelejaram contra o drag\u00e3o. Tamb\u00e9m pelejaram o drag\u00e3o e seus anjos;<\/p>\n<p><strong>12.8<\/strong>\u00a0\u00a0 todavia, n\u00e3o prevaleceram; nem mais se achou no c\u00e9u o lugar deles.<\/p>\n<p><strong>12.9<\/strong>\u00a0\u00a0 E foi expulso o grande drag\u00e3o, a antiga serpente, que se chama diabo e Satan\u00e1s, o sedutor de todo o mundo, sim, foi atirado para a terra, e, com ele, os seus anjos.<\/p>\n<p><strong>Os textos nos mostram, enigmaticamente, que L\u00facifer era pr\u00edncipe na Terra, contaminou-se com o Mau, transformou-se em Satan\u00e1s &#8211; Advers\u00e1rio &#8211; travou uma Batalha para ser maior que Deus, foi expulso do Reino Celestial, e tem a Terra como sua morada, juntamente com os seus Anjos seguidores que se transformaram em Dem\u00f4nios.<\/strong><\/p>\n<p><strong>L\u00facifer quer dizer \u201cBrilho\u201d, \u201cResplendor\u201d.<\/strong><\/p>\n<p><strong>Satan\u00e1s quer dizer \u201cAdvers\u00e1rio\u201d.<\/strong><\/p>\n<p>N\u00e3o deixe de ler o Artigo \u201cO ENIGMA \u00a0DA SANTA CEIA\u201d, no Site\/Blog,\u00a0 para entender como L\u00facifer e um ter\u00e7o dos Anjos se contaminaram com o Mau.<\/p>\n<p>A Terra, por causa da rebeli\u00e3o de L\u00facifer, sofreu sua primeira transforma\u00e7\u00e3o perdendo a Perfei\u00e7\u00e3o ;<\/p>\n<p><strong>5\u00ba )\u00a0\u00a0\u00a0\u00a0\u00a0 G\u00eanesis 1: 2<\/strong><\/p>\n<p>A Terra, ap\u00f3s a rebeli\u00e3o de L\u00facifer e seus anjos ca\u00eddos, em face de um conflito espiritual que foge ao nosso entendimento, ficou transformada num caos, isto \u00e9, sem forma e vazia \u2013 <strong>G\u00eanesis 1: 2;<\/strong><\/p>\n<p>Ap\u00f3s a Leitura das refer\u00eancias notamos no <strong>vers\u00edculo 2 de G\u00eanesis cap\u00edtulo primeiro<\/strong>, a <strong>Terra sem forma e vazia,<\/strong> em face do pecado de L\u00facifer e seus seguidores. Entretanto passado esse per\u00edodo de milh\u00f5es de anos, como a Ci\u00eancia comprova, Deus deu continuidade ao Projeto do Universo e restaurou a Terra, como vemos a partir do <strong>vers\u00edculo 3 de G\u00eanesis cap\u00edtulo primeiro.<\/strong><\/p>\n<p>Ap\u00f3s um per\u00edodo de tempo de milh\u00f5es de anos, Deus, dando continuidade ao Plano Universal, restaurou a Terra, criou novas esp\u00e9cies de animais, e plantas,\u00a0 extinguiu algumas esp\u00e9cies, misteriosamente, \u00e0 \u00e9poca em que \u00a0criou o Homem, por volta de 10.000 anos passados, isto \u00e9, um Homem \u00e0 Sua imagem e conforme a Sua semelhan\u00e7a &#8211; <strong>G\u00eanesis 1: 3<\/strong> <strong>a 31.<\/strong><\/p>\n<p><strong>\u00a0<\/strong><\/p>\n<p><strong>POR QUE DEUS EXTINGUIU DIVERSAS ESP\u00c9CIES DE ANIMAIS, TAIS COMO, O MAMUTE E O TIGRE-DENTE- DE- SABRE, ENTRE OUTROS, \u00c0 \u00c9POCA EM QUE CRIOU O HOMEM???<\/strong><\/p>\n<p>A resposta est\u00e1 em Mist\u00e9rio!!!<\/p>\n<p><strong>Eu ouso arriscar uma hip\u00f3tese<\/strong>:<\/p>\n<p><strong>Deus <\/strong>como prova de <strong>Seu Poder Criador e Controlador da Cria\u00e7\u00e3o<\/strong> extinguiu algumas <strong>esp\u00e9cies de diversas Regi\u00f5es da Terra \u00e0 \u00e9poca da Cria\u00e7\u00e3o do Homem<\/strong> para servir de reflex\u00e3o aos c\u00e9pticos sobre <strong>Sua<\/strong> exist\u00eancia como Deus Criador, <strong>como tamb\u00e9m<\/strong>, para uma perfeita intera\u00e7\u00e3o do <strong>Reino Animal com o Homem;<\/strong><\/p>\n<p><strong>A Ci\u00eancia<\/strong> com todos os recursos e avan\u00e7os tecnol\u00f3gicos n\u00e3o sabe explicar como surgiu <strong>o Homem,<\/strong> como foram extintos as diversas esp\u00e9cies \u00e0 \u00e9poca em que o <strong>Homem \u201csurgiu\u201d<\/strong>\u00a0 &#8211; <strong>CRIADO &#8211;<\/strong> e nem sabe explicar a <strong>Origem das Ra\u00e7as Humanas,<\/strong> entretanto procura explica\u00e7\u00e3o para a extin\u00e7\u00e3o dos <strong>Dinossauros a 65 milh\u00f5es de anos atr\u00e1s,<\/strong> sempre com <strong>suposi\u00e7\u00f5es inconclusivas;<\/strong><\/p>\n<p>A t\u00edtulo de informa\u00e7\u00e3o deixo o endere\u00e7o eletr\u00f4nico do <strong>Site<\/strong> que mostram algumas esp\u00e9cies extintas por volta de <strong>10.000 anos atr\u00e1s:<\/strong><\/p>\n<p>http:\/\/www.google.com.br\/#hl=PT-BR&#038;source=hp&#038;biw=&#038;bih=&#038;q=rela%C3%A7%C3%A3o+das+esp%C3%A9cies+que+foram+extintas+a+cerca+de+10000+anos+atr%C3%A1s&#038;btnG=Pesquisa+Google&#038;aq=f&#038;aqi=&#038;aql=&#038;oq=rela%C3%A7%C3%A3o+das+esp%C3%A9cies+que+foram+extintas+a+cerca+de+10000+anos+atr%C3%A1s&#038;fp=6db7b27a8c4493d7<\/p>\n<p>http:\/\/www.fumdham.org.br\/paleonto.asp<\/p>\n<p>N\u00e3o deixe de ler o Artigo \u201cOs Filhos de Ad\u00e3o e Eva no \u00c9den\u201d, no Site\/Blog.<\/p>\n<p>&nbsp;<\/p>\n<p><strong>A CRIA\u00c7\u00c3O DO HOMEM A CERCA DE 10.000 ANOS ATR\u00c1S<\/strong><\/p>\n<p><strong>A Terra foi restaurada<\/strong> e <strong>Deus criou um Homem<\/strong> \u00e0 Sua imagem e conforme a Sua semelhan\u00e7a. <strong>(G\u00eanesis 1: 26).<\/strong><\/p>\n<p>\u00c9 importante lembrar a respeito dos tempos que para <strong>Deus <\/strong>um dia \u00e9 como <strong>mil anos<\/strong> e <strong>mil anos,<\/strong> como <strong>um dia (<\/strong>Salmos 90: 4), (2\u00aa Pedro 3: 8) &#8211; <strong>Enigmaticamente.<\/strong><\/p>\n<p><strong>\u00a0A\u00a0 restaura\u00e7\u00e3o da Terra terminou<\/strong> h\u00e1 cerca de 10 (dez) mil anos quando da \u00faltima Era Glacial, \u201ccoincidindo\u201d com o \u201caparecimento\u201d do <strong>Homem que a Ci\u00eancia chama de<\/strong> <strong>Homo Sapiens, isto \u00e9, o Homem atual.<\/strong><\/p>\n<p>Ver o Artigo \u201cHOMO\u201d , na p\u00e1gina 67, do Livro, no Site.<\/p>\n<p><strong>Tudo indica<\/strong> que esse per\u00edodo de cerca de 4 (quatro) mil anos entre o aparecimento do Homem comprovado pela <strong>Ci\u00eancia h\u00e1 10.000 anos,<\/strong> e o registro cronol\u00f3gico b\u00edblico de 6.000 anos (diferen\u00e7a de 10 (dez) mil anos menos 6 (seis) mil anos) est\u00e1 relacionado com o Homem (Ad\u00e3o e Eva) no Jardim do \u00c9den, isto \u00e9, <strong>Ad\u00e3o e Eva ficaram 4 (quatro)<\/strong> <strong>mil anos,<\/strong> <strong>ou bem mais, dependendo da Arqueologia<\/strong>, no \u00c9den, <strong>enchendo a Terra<\/strong> como <strong>Deus ordenou.<\/strong><\/p>\n<p>Ver o Artigo \u201cAd\u00e3o e a Origem das Ra\u00e7as\u201d, no Site\/Blog.<\/p>\n<p>&nbsp;<\/p>\n<p><strong>DO EXPOSTO CONSIDERE O SEGUINTE:<\/strong><\/p>\n<p><strong>GUARDAR O QU\u00ca ?<\/strong><\/p>\n<p><strong>A B\u00edblia<\/strong> fala da exist\u00eancia de dois\u00a0 <strong>\u201c\u00c9DEN\u201d :<\/strong><\/p>\n<p><strong>\u00c9den de Ezequiel 28: 13 &#8211; L\u00facifer<\/strong><\/p>\n<p><strong>\u00c9den de G\u00eanesis 2: 8 &#8211; Ad\u00e3o e Eva <\/strong><\/p>\n<p><strong>L\u00facifer era Querubim da Guarda Ungido<\/strong>, do \u00c9den, Jardim de Deus <strong>( Ezequiel 28: 13 e<\/strong> <strong>14).<\/strong><\/p>\n<p><strong>Ad\u00e3o tinha a miss\u00e3o de cultivar<\/strong> (manter e conservar) e guardar o Jardim do \u00c9den <strong>(G\u00eanesis 2: 8 e 15).<\/strong><\/p>\n<p><strong>Deus andava no Jardim do \u00c9den<\/strong> \u2013 Para\u00edso &#8211; (G\u00eanesis 3: 8), logo, que Mal amea\u00e7ava, n\u00e3o a Deus, mas\u00a0 a Obra de Deus, na Terra, onde Deus se fazia presente?<\/p>\n<p>A resposta est\u00e1 em Apocalipse 21: 27, na express\u00e3o <strong>\u201ccoisa que contamina\u201d.<\/strong> Coisa \u00e9 uma subst\u00e2ncia em linguagem humana, mas que <strong>teologicamente e enigmaticamente<\/strong> quer dizer algo transcendental que existe eternamente (subst\u00e2ncia imperfeita, contr\u00e1ria \u00e0 Perfei\u00e7\u00e3o de Deus), sob a forma de <strong>\u201celementos\u201d ou \u201csubst\u00e2ncia\u201d<\/strong> do Mau ou AntiDeus. Ver o Artigo \u201cA Origem do Mau\u201d, no Site, para entender o Mau, com \u201cu\u201d e o Mal, com \u201cl\u201d.<\/p>\n<p><strong>Enigmaticamente, misteriosamente, transcendentalmente <\/strong>\u00a0essa <strong>\u201ccoisa\u201d<\/strong>\u00a0 &#8211; maligna &#8211; n\u00e3o era feia e repugnante, mas boa para comer, agrad\u00e1vel aos olhos, desej\u00e1vel para dar entendimento. (G\u00eanesis 3: 6).<\/p>\n<p><strong>Teologicamente<\/strong> eu ouso interpretar a pergunta do t\u00edtulo desta reflex\u00e3o:<\/p>\n<p><strong>Guardar o qu\u00ea?<\/strong><\/p>\n<p><strong>Deus<\/strong> concentrou o <strong>Mau<\/strong> sob a <strong>forma enigm\u00e1tica<\/strong> de uma \u00c1rvore e seus frutos no <strong>Lugar Santo<\/strong> (Jardim do \u00c9den) e designou <strong>L\u00facifer <\/strong>e depois <strong>Ad\u00e3o<\/strong> para serem respons\u00e1veis <strong>(cada<\/strong> <strong>um no seu tempo)<\/strong> da guarda, <strong>por\u00e9m ambos falharam.<\/strong><\/p>\n<p>O <strong>Mau existe eternamente,<\/strong> sob a forma de <strong>\u201cElementos\u201d ou \u201cSubst\u00e2ncia\u201d,<\/strong> conforme entendemos humanamente, por compara\u00e7\u00e3o, e por isso <strong>Deus <\/strong>necessitou manter o<strong> Mau<\/strong> bem guardado e sob vigil\u00e2ncia \u2013 Enigmaticamente.<\/p>\n<p>Ainda hoje o <strong>Mau <\/strong>\u00e9 motivo de vigil\u00e2ncia (vigiar) para <strong>provar, aprovar ou reprovar<\/strong> \u00e0queles <strong>que servem a Deus.<\/strong><\/p>\n<p>Certamente voc\u00ea deve estar perguntando: <strong>por que Deus n\u00e3o destruiu o Mau<\/strong> para n\u00e3o causar o estrago conhecido ?<\/p>\n<p><strong>O MAU \u00e9 eterno<\/strong> e n\u00e3o pode ser destru\u00eddo; A explica\u00e7\u00e3o sobre a eternidade do<strong> Mau<\/strong> est\u00e1 no Artigo \u201cA Origem do Mau\u201d, no Site\/Blog.<\/p>\n<p>&nbsp;<\/p>\n<p><strong>CONCLUS\u00c3O<\/strong><\/p>\n<p>Quando lemos atentamente o <strong>Ju\u00edzo de Deus para Ad\u00e3o e Eva<\/strong> por terem desobedecido as Suas ordens sobre a \u00c1rvore do Conhecimento de Bem e do Mal, contaminando-se com o Mal, chegamos ao seguinte discernimento ap\u00f3s analisar as refer\u00eancias de G\u00eanesis 3: 16 a 19:<\/p>\n<p><strong>G\u00eanesis<\/strong><\/p>\n<p><strong>3.16<\/strong>\u00a0\u00a0 E \u00e0 mulher disse: Multiplicarei sobremodo os sofrimentos da tua gravidez; em meio de dores dar\u00e1s \u00e0 luz filhos; o teu desejo ser\u00e1 para o teu marido, e ele te governar\u00e1.<\/p>\n<p><strong>3.17<\/strong>\u00a0\u00a0 E a Ad\u00e3o disse: Visto que atendeste a voz de tua mulher e comeste da \u00e1rvore que eu te ordenara n\u00e3o comesses, <strong>maldita \u00e9 a terra por tua causa;<\/strong> em fadigas obter\u00e1s dela o sustento durante os dias de tua vida.<\/p>\n<p><strong>3.18<\/strong>\u00a0\u00a0 Ela produzir\u00e1 tamb\u00e9m cardos e abrolhos, e tu comer\u00e1s a erva do campo.<\/p>\n<p><strong>\u00a03.19<\/strong>\u00a0\u00a0 No suor do rosto comer\u00e1s o teu p\u00e3o, at\u00e9 que tornes \u00e0 terra, pois dela foste formado; porque tu \u00e9s p\u00f3 e ao p\u00f3 tornar\u00e1s.<\/p>\n<p>A Terra era completamente diferente do que \u00e9 HOJE, antes de Ad\u00e3o contamin\u00e1-la com o Mal; Preste aten\u00e7\u00e3o no texto e verifique que Ad\u00e3o tinha tudo \u00e0 sua disposi\u00e7\u00e3o sem esfor\u00e7o algum, e Eva n\u00e3o tinha os inc\u00f4modos e nem dores de parto;<\/p>\n<p>O Jardim de Deus era uma extens\u00e3o do C\u00e9u onde Deus se fazia presente, logo, a Terra era um lugar transcendental, isto \u00e9, um Para\u00edso em que toda a Natureza estava em harmonia;<\/p>\n<p>Precisa ficar entendido que o Universo e a Terra s\u00e3o Cria\u00e7\u00e3o de Deus e est\u00e1 tudo sob Seu Controle;<\/p>\n<p><strong>O Magma<\/strong> formado por terra derretida e incandescente, e que provoca as erup\u00e7\u00f5es vulc\u00e2nicas;<\/p>\n<p><strong>As Placas Tect\u00f4nicas<\/strong> que provocam os Terremotos;<\/p>\n<p><strong>As intemp\u00e9ries<\/strong> provocadas pelas mudan\u00e7as clim\u00e1ticas,<\/p>\n<p>enfim, toda a <strong>Geof\u00edsica <\/strong>da Terra e do Universo est\u00e3o sob o controle de Deus;<\/p>\n<p><strong>Durante o Per\u00edodo de Perfei\u00e7\u00e3o todos os elementos citados comportam-se em harmonia transcendental por for\u00e7a da Presen\u00e7a de Deus no Jardim do \u00c9den; A Terra e o Universo \u00e9 um Organismo Vivo\u00a0 Criado para o Louvor e Adora\u00e7\u00e3o ao Criador ( SALMOS 148: 1 a 14 );<\/strong><\/p>\n<p><strong>Prova disso podemos constatar Biblicamente que durante a Presen\u00e7a de Jesus, no Mil\u00eanio, toda a Terra ficar\u00e1 em Harmonia, conforme ampla explica\u00e7\u00e3o no Artigo \u201cO Prof\u00e9tico Reino Milenial\u201d, no Site;<\/strong><\/p>\n<p><strong>Durante o Per\u00edodo de Contamina\u00e7\u00e3o pelo Mau, como estamos vivendo atualmente, segundo afirma G\u00eanesis 3: 17 &#8211; Maldita \u00e9 a Terra por tua causa &#8211; Deus permitiu o estado de \u201ccontamina\u00e7\u00e3o\u201d\u00a0 para n\u00e3o destruir o Seu Projeto de Salva\u00e7\u00e3o, e deixou que o Mal servisse de \u201cProvas\u201d, para \u201cAprovar\u201d ou \u201cReprovar\u201d como condi\u00e7\u00f5es iniciais para se herdar o Reino Celestial. <\/strong><\/p>\n<p><strong>Ver o Artigo \u201cA Salva\u00e7\u00e3o e a Vida Eterna\u201d, no Site<\/strong><\/p>\n<p>Pode parecer absurda esta minha interpreta\u00e7\u00e3o, por\u00e9m a afirma\u00e7\u00e3o de Deus, em forma de JU\u00cdZO, de que a partir daquele momento a Terra se tornou Maldita (G\u00eanesis 3: 17), isto \u00e9, o Mau passou a exercer sua a\u00e7\u00e3o sobre toda a Natureza e sobre o Homem, <strong>MOSTRA <\/strong>que tudo era diferente\u00a0 antes do Mal entrar em Ad\u00e3o;<\/p>\n<p>ANTES de AD\u00c3O pecar por desobedi\u00eancia, eu entendo que a Terra foi restaurada da contamina\u00e7\u00e3o inicial causada por L\u00facifer,\u00a0 segundo o prop\u00f3sito de Deus de criar condi\u00e7\u00f5es para dar ao Homem o melhor meio de vida, sem nenhum tipo de transtorno (Salmos\u00a0 91: 10 -12).<\/p>\n<p>O Homem s\u00f3 conhecia o Bem, por isso a designa\u00e7\u00e3o inicial do \u00c9den, de Para\u00edso &#8211; Uma extens\u00e3o do C\u00e9u.<\/p>\n<p><strong>\u201c&#8230; \u00c9 fato estabelecido por descobertas f\u00f3sseis \u2013 H\u00e1 amplas indica\u00e7\u00f5es de um clima mais salubre nos dias antediluvianos. Tamb\u00e9m n\u00e3o devemos esquecer que os antediluvianos eram a ra\u00e7a dos filhos de Deus que viviam racionalmente e com temperan\u00e7a\u201d. (Arqueologia do Velho Testamento Pg 6 \u2013 Merril F.Unger) (2) H.C. Leupold, Exposition of G\u00eanesis (Grand Rapids, 1950). Vol I, pg 234.<\/strong><\/p>\n<p>As condi\u00e7\u00f5es atuais, s\u00e3o frutos da maldi\u00e7\u00e3o que tornou a Terra morada de Dem\u00f4nios, em fase do Pecado (Queda), de Ad\u00e3o (G\u00eanesis 3: 17) (Apocalipse 18: 2). Ver o Artigo \u201cAd\u00e3o o Sumo Sacerdote\u201d, na p\u00e1gina 87, do Livro, no Site;<\/p>\n<p><strong>Na Queda do \u00c9den de L\u00facifer &#8211; Ezequiel 28: 13,<\/strong> Deus destruiu as condi\u00e7\u00f5es reinantes da face da Terra.\u00a0 A Terra ficou sem forma e vazia.<\/p>\n<p><strong>Na Queda do \u00c9den de Ad\u00e3o e Eva (G\u00eanesis 3: 1 a 24),<\/strong> Deus n\u00e3o destruiu as condi\u00e7\u00f5es reinantes da face da Terra, mas deixou que <strong>condi\u00e7\u00f5es malditas \u201creinassem\u201d<\/strong>, como meio de salvar \u00e0queles que por livre arb\u00edtrio optassem entre o Bem e o Mal.<\/p>\n<p><strong>A Morte<\/strong> entrou no <strong>Mundo,<\/strong> quando o Mal entrou em <strong>Ad\u00e3o.<\/strong><\/p>\n<p><strong>\u00a0<\/strong><\/p>\n<p><strong>PER\u00cdODOS TEOL\u00d3GICOS DA TERRA<\/strong><\/p>\n<p><strong>PER\u00cdODO DA PERFEI\u00c7\u00c3O<\/strong> = Come\u00e7ou\u00a0 a partir da Cria\u00e7\u00e3o &#8211; G\u00eanesis 1: 1 e 2 &#8211; at\u00e9 a Queda de L\u00facifer, no Primeiro \u00c9den e Jardim de Deus de Ezequiel 28: 13;<\/p>\n<p><strong>PER\u00cdODO DA PRIMEIRA RESTAURA\u00c7\u00c3O<\/strong> = A partir da Queda de L\u00facifer at\u00e9\u00a0 a Cria\u00e7\u00e3o do Homem &#8211; Ad\u00e3o &#8211; e implanta\u00e7\u00e3o do \u00c9den e Jardim de Deus, de G\u00eanesis 2: 8; ( G\u00eanesis 1: 3 a 31 )<\/p>\n<p><strong>SEGUNDO PER\u00cdODO DA PERFEI\u00c7\u00c3O<\/strong> = Da Cria\u00e7\u00e3o do Homem- Ad\u00e3o &#8211; at\u00e9 a sua Queda e expuls\u00e3o do \u00c9den e Jardim do \u00c9den, <strong>uma extens\u00e3o do Reino de Deus aqui na<\/strong> <strong>Terra,<\/strong> onde <strong>Deus se fazia presente<\/strong> (G\u00eanesis 3: 8 );<\/p>\n<p><strong>PER\u00cdODO DA MALDI\u00c7\u00c3O<\/strong> = Da Queda do Homem &#8211; Ad\u00e3o &#8211; G\u00eanesis 3: 17 &#8211; at\u00e9 o Final da Grande Tribula\u00e7\u00e3o;<\/p>\n<p><strong>PER\u00cdODO DA RESTAURA\u00c7\u00c3O FINAL<\/strong> = Come\u00e7ar\u00e1 no Final da Grande Tribula\u00e7\u00e3o com a <strong>Volta de Jesus<\/strong> e in\u00edcio do <strong>Per\u00edodo Milenial<\/strong> quando toda a <strong>Cria\u00e7\u00e3o Animada e<\/strong> <strong>inanimada <\/strong>ser\u00e1 totalmente <strong>purificada do Mau;<\/strong><\/p>\n<p><strong>ESTADO ETERNO PERFEITO =<\/strong> Ao Final do Mil\u00eanio, ap\u00f3s o Julgamento do Trono Branco ser\u00e1 Criado O NOVO C\u00c9U E NOVA TERRA, com a Jerusal\u00e9m Celestial como a Capital do Reino Eterno, e onde <strong>eu <\/strong>estou esfor\u00e7ando-me para <strong>Herdar um lugar.<\/strong><\/p>\n<p>&nbsp;<\/p>\n<p><strong>CONCLUS\u00c3O FINAL<\/strong><\/p>\n<p>Enquanto a <strong>Teologia B\u00edblica<\/strong> desvenda os seus <strong>Enigmas sobre o Universo e a Terra,<\/strong> e une os <strong>\u201cELOS\u201d<\/strong> sobre a <strong>Verdade da Cria\u00e7\u00e3o;<\/strong><\/p>\n<p><strong>A Ci\u00eancia<\/strong> aprofunda a dist\u00e2ncia dos <strong>\u201cELOS\u201d<\/strong> \u00e0 medida que se aprofunda na busca pela Verdade da Origem do Universo, atrav\u00e9s da <strong>Teoria da Evolu\u00e7\u00e3o.<\/strong><\/p>\n<p><strong>Deus<\/strong> pelo <strong>Seu Poder<\/strong>\u00a0 estabelece a <strong>Harmonia da Cria\u00e7\u00e3o Perfeita<\/strong>, animada e inanimada;<\/p>\n<p>As condi\u00e7\u00f5es de <strong>desarmonia na Natureza<\/strong> s\u00e3o conseq\u00fc\u00eancias da <strong>contamina\u00e7\u00e3o pelo<\/strong> <strong>Mau;<\/strong><\/p>\n<p><strong>O Mil\u00eanio<\/strong> ser\u00e1 de <strong>Harmonia<\/strong> quando todos os elementos da <strong>Natureza<\/strong> estar\u00e3o sob o <strong>Poder e Controle<\/strong> do <strong>Onipotente &#8211; JESUS,<\/strong> que restaurar\u00e1 a <strong>Terra<\/strong> tornando-a <strong>Perfeita <\/strong>novamente, para transformar tudo no <strong>Novo C\u00e9u e Nova Terra:<\/strong><\/p>\n<p><strong>\u00a0Lucas<\/strong><\/p>\n<p><strong>8.24\u00a0\u00a0 Chegando-se a ele, despertaram-no dizendo: Mestre, Mestre, estamos perecendo! Despertando-se Jesus, repreendeu o vento e a f\u00faria da \u00e1gua. Tudo cessou, e veio a bonan\u00e7a.<\/strong><\/p>\n<p><strong>8.25\u00a0\u00a0 Ent\u00e3o, lhes disse: Onde est\u00e1 a vossa f\u00e9? Eles, possu\u00eddos de temor e admira\u00e7\u00e3o, diziam uns aos outros: Quem \u00e9 este que at\u00e9 aos ventos e \u00e0s ondas repreende, e lhe obedecem?<\/strong><\/p>\n<p><strong>Entendeu porque a Terra \u00e9 um Organismo Vivo, sob o controle de Seu Criador, teologicamente?!<\/strong><\/p>\n<p>A Terra j\u00e1 passou por dois <strong>Per\u00edodos de Perfei\u00e7\u00e3o<\/strong>, sendo o Primeiro referente ao <strong>\u00c9den de<\/strong> <strong>Ezequiel 28: 13<\/strong>, e posteriormente o <strong>Per\u00edodo do \u00c9den de Ad\u00e3o e Eva &#8211; G\u00eanesis 2: 8;<\/strong><\/p>\n<p><strong>Estamos no Per\u00edodo da Imperfei\u00e7\u00e3o\u00a0 ou\u00a0 Maldi\u00e7\u00e3o<\/strong> <strong>(G\u00eanesis 3: 17 )<\/strong> que terminar\u00e1 no <strong>Final da Grande Tribula\u00e7\u00e3o,<\/strong> quando <strong>JESUS <\/strong>\u00a0voltar\u00e1 e implantar\u00e1 o <strong>Per\u00edodo da Restaura\u00e7\u00e3o<\/strong> que durar\u00e3o 1000 anos &#8211; <strong>o Mil\u00eanio;<\/strong><\/p>\n<p><strong>N\u00e3o confundir o Per\u00edodo da Imperfei\u00e7\u00e3o &#8211; Maldi\u00e7\u00e3o de G\u00eanesis 3: 17 &#8211; que come\u00e7ou com a Queda de Ad\u00e3o e terminar\u00e1 com a implanta\u00e7\u00e3o do Mil\u00eanio, com o Tempo da GRA\u00c7A\u00a0 que come\u00e7ou no dia de PENTECOSTE e terminar\u00e1 com o Arrebatamento da Igreja, muito&#8230; em&#8230; breve&#8230;<\/strong><\/p>\n<p><strong>Por fim Deus<\/strong> transformar\u00e1 toda a <strong>Cria\u00e7\u00e3o Restaurada<\/strong> em um <strong>Novo C\u00e9u e Nova Terra,<\/strong> quando ser\u00e1 estabelecido o <strong>Estado Perfeito e Eterno.<\/strong><\/p>\n<p><strong>Apocalipse<\/strong><\/p>\n<p><strong>21.7<\/strong> \u00a0\u00a0<strong>O vencedor herdar\u00e1 estas coisas, e eu lhe serei Deus, e ele me ser\u00e1 filho.<\/strong><\/p>\n<p><strong>&#8230;&#8230;&#8230;&#8230;&#8230;&#8230;&#8230;&#8230;&#8230;&#8230;&#8230;&#8230;&#8230;&#8230;&#8230;&#8230;&#8230;. X &#8230;&#8230;&#8230;&#8230;&#8230;&#8230;&#8230;&#8230;&#8230;&#8230;&#8230;&#8230;&#8230;&#8230;&#8230;.<\/strong><\/p>\n<p>&#8220;Este Artigo \u00e9 de inspira\u00e7\u00e3o posterior \u00e0 Publica\u00e7\u00e3o do Livro anunciado&#8221;<\/p>\n<p>Os Artigos do Site complementam assuntos do Livro.<\/p>\n<p>Na hip\u00f3tese de ser importante, SUGIRO A INDICA\u00c7\u00c3O\u00a0 do Artigo e o SITE.<\/p>\n<p>Pr\u00f3ximos Assuntos a serem inclu\u00eddos no Site, paulatinamente:<\/p>\n<p>&#8211; O ENIGMA DO NOVO C\u00c9U E NOVA TERRA<\/p>\n<p>&#8211; O QUE FAREMOS NO C\u00c9U?!<\/p>\n<p>&nbsp;<\/p>\n<p>&nbsp;<\/p>\n<p>&nbsp;<\/p>\n<p>&nbsp;<\/p>\n<p>&nbsp;<\/p>\n<p>&nbsp;<\/p>\n","protected":false},"excerpt":{"rendered":"<p>Ezequiel 28.13\u00a0\u00a0 Estavas no \u00c9den, jardim de Deus; de todas as pedras preciosas te cobrias: o s\u00e1rdio, o top\u00e1zio, o diamante, o berilo, o \u00f4nix, o jaspe, a safira, o carb\u00fanculo e a esmeralda; de ouro se te fizeram os engastes e os ornamentos; no dia em que foste criado, foram eles preparados. INTRODU\u00c7\u00c3O A Ci\u00eancia n\u00e3o tem inten\u00e7\u00e3o na Verdade Teol\u00f3gica,\u00a0 por\u00e9m a Teologia tem inten\u00e7\u00e3o na Verdade Cient\u00edfica; A Teologia, atrav\u00e9s da Verdade Cient\u00edfica, esclarece e confirma\u00a0 em determinadas circunst\u00e2ncias, quanto \u00e0 explica\u00e7\u00e3o enigm\u00e1tica que envolve as Escrituras Sagradas A Ci\u00eancia afirma atrav\u00e9s de comprova\u00e7\u00f5es f\u00f3sseis e arqueol\u00f3gicas que o passado da Terra envolve muitos Enigmas apontando ind\u00edcios de fen\u00f4menos\u00a0 com caracter\u00edsticas avan\u00e7adas no que diz respeito \u00e0 Ci\u00eancia, nos prim\u00f3rdios da Terra; A Bomba At\u00f4mica \u00e9 um exemplo de avan\u00e7ado conhecimento cient\u00edfico. PARA REFLEX\u00c3O: \u201cQuando explodiu a primeira Bomba At\u00f4mica no Novo M\u00e9xico, o deserto tornou-se um vidro fundido verde, no local da explos\u00e3o. Esse fato, de acordo com a revista Free Word, ofereceu aos arque\u00f3logos uma pista \u2013 Eles tinham escavado no antigo vale do Eufrates, e haviam desenterrado uma camada de cultura agr\u00e1ria, com oito mil anos de antiguidade, uma camada de cultura de cria\u00e7\u00e3o de gado, mais antiga ainda, e uma ainda mais antiga cultura de homens das cavernas. Recentemente, eles atingiram uma outra camada \u2013 de vidro verde fundido. Pense s\u00f3 nisso, irm\u00e3o !\u201d (New York Herald Tribune, 16 de fevereiro de 1947). \u201cPedacinhos de vidro, talvez fundidos em fogueiras \u00e9 uma coisa; mas \u00e1reas inteiras de vidro verde j\u00e1 \u00e9 algo inteiramente diferente. E esse n\u00e3o \u00e9 o \u00fanico local onde tal coisa tem sido encontrada. H\u00e1 tamb\u00e9m \u00e1reas similares na costa ocidental da Esc\u00f3cia e em outros lugares, onde apenas um lado foi fundido, como se atingido por algum intenso calor, vindo do alto. Os rel\u00e2mpagos ocasionalmente fundem a areia, mas sempre seguindo o modelo de uma raiz. Portanto, o que produziu uma camada inteira de vidro verde, em diversos lugares da Mesopot\u00e2mia? (Pursuit, Janeiro de 1970, Ian Sanderson).\u201d ( Os textos em refer\u00eancia foram extra\u00eddos da Enciclop\u00e9dia de B\u00edblia, Teologia e Filosofia, P\u00e1gina\u00a0 180 \u2013 Volume I ). Por incr\u00edvel que pare\u00e7a, essa camada de vidro verde fundido est\u00e1 na mesma \u00e1rea geogr\u00e1fica que a B\u00edblia indica a respeito do \u00c9den de Ad\u00e3o e Eva (G\u00eanesis 2: 8). \u00c9 muita coincid\u00eancia de fatos e ocorr\u00eancias. Observe tamb\u00e9m na mesma \u00e1rea geogr\u00e1fica as diferentes camadas de cultura mostrando os diversos est\u00e1gios de exist\u00eancia na face da Terra: a) 8(oito) mil anos atr\u00e1s &#8211; \u00c9den de Ad\u00e3o e Eva (G\u00eanesis 2: 8); Ver o Artigo \u201cOs Filhos de Ad\u00e3o e Eva no \u00c9den\u201d, no Site. b) Homem das cavernas \u2013 Homo Habilis ou Homo Erectus &#8211; milh\u00f5es de anos atr\u00e1s; Ver o Artigo \u201cHOMO\u201d, na p\u00e1gina 67, no Livro, no Site. c) Camada de vidro verde fundido \u2013 \u00c9den de L\u00facifer &#8211; Ezequiel 28: 13 &#8211; dezenas de milh\u00f5es de anos atr\u00e1s; Ver o Artigo \u201cOs Dinossauros\u201d, na p\u00e1gina 85, do Livro, no Site. Teologicamente eu n\u00e3o tenho d\u00favidas de que Deus ao deixar os vest\u00edgios das diversas culturas na mesma regi\u00e3o geogr\u00e1fica da Mesopot\u00e2mia, mesma regi\u00e3o que a B\u00edblia indica como \u00e1rea onde existiu o \u00c9den de G\u00eanesis 2: 8 \u2013 Ad\u00e3o e Eva, mostra que o \u00c9den de L\u00facifer &#8211; Ezequiel 28: 13 existiu na mesma Regi\u00e3o; Desta forma precisamos nos aprofundar nas camadas da pesquisa arqueol\u00f3gica, junto com o estudo das Escrituras e sair da superficialidade, com Conhecimento, Entendimento e Discernimento. Deus deixou os vest\u00edgios do passado da Terra para que o Homem atrav\u00e9s do esfor\u00e7o desvende, ou melhor, alcance o Conhecimento, o Entendimento e o Discernimento do seu Criador. \u201cBuscar-me-eis, e me achareis, quando me buscardes de todo o vosso cora\u00e7\u00e3o\u201d (Jeremias 29: 13). Por incr\u00edvel que pare\u00e7a\u00a0 essa camada profunda de vidro verde, segundo os cientistas, produzida por algo como uma explos\u00e3o at\u00f4mica, pode ser a resposta para o que a B\u00edblia diz sobre o \u00c9den de L\u00facifer &#8211; Ezequiel 28: 18 \u201c&#8230; eu, pois, fiz sair do meio de ti um fogo, que te consumiu, e te reduzi a cinzas sobre a Terra, aos olhos de todos os que te contemplam\u201d. Tudo indica que a Queda do \u00c9den de L\u00facifer &#8211; Ezequiel 28: 13 provocou uma batalha transcendental entre os Seres Celestiais fi\u00e9is a Deus e, Satan\u00e1s (Ex L\u00facifer) e seus dem\u00f4nios, provocando uma situa\u00e7\u00e3o ca\u00f3tica na face da Terra (Apocalipse 12: 7 a 9). Quero chamar \u00e0 aten\u00e7\u00e3o para o fato de que a B\u00edblia afirma que\u00a0 EXISTIU \u00a0um \u00c9den \u2013 Jardim de Deus (Ezequiel\u00a0 28: 13), anterior em milh\u00f5es de anos ao de Ad\u00e3o e Eva, e ao que tudo indica, na mesma \u00c1rea Geogr\u00e1fica onde existiu o \u00c9den de Ad\u00e3o e Eva. Um Jardim \u00e9 uma extens\u00e3o de um lar, na vida humana. Por compara\u00e7\u00e3o a B\u00edblia nos mostra que o Jardim de Deus de Ezequiel 28: 13 \u00a0era uma extens\u00e3o do C\u00e9u, um lugar onde Deus, na Terra, se fazia presente &#8211; \u201cSanto dos Santos ou Lugar Santo\u201d, como o Jardim do \u00c9den de Ad\u00e3o e Eva; O Jardim do \u00c9den \u00e9 uma extens\u00e3o do C\u00e9u, pois est\u00e1 oculto, isto \u00e9, n\u00e3o desapareceu (G\u00eanesis 3: 24 ): G\u00eanesis 3.24\u00a0\u00a0 E, expulso o homem, colocou querubins ao oriente do jardim do \u00c9den e o refulgir de uma espada que se revolvia, para guardar o caminho da \u00e1rvore da vida. Entendeu?! &#8211; O Jardim do \u00c9den n\u00e3o desapareceu, e sim, est\u00e1 oculto misteriosamente. A Terra era perfeita em Deus, totalmente Santa, sem a anunciada contamina\u00e7\u00e3o de Apocalipse 21: 27: Apocalipse 21.27\u00a0\u00a0 Nela, nunca jamais penetrar\u00e1 coisa alguma contaminada, nem o que pratica abomina\u00e7\u00e3o e mentira, mas somente os inscritos no Livro da Vida do Cordeiro. \u201cpenetrar\u00e1\u201d = invadir para destruir. \u201ccoisa alguma contaminada\u201d = Ver o Artigo \u201cA ORIGEM DO MAU\u201d, no Site\/Blog. \u201cnem o que pratica abomina\u00e7\u00e3o e mentira\u201d = Satan\u00e1s e seus dem\u00f4nios. A Terra era habitada por Deus e os Seres Celestiais criados por Ele. Como e em que condi\u00e7\u00f5es<\/p>\n","protected":false},"author":2,"featured_media":15818,"comment_status":"open","ping_status":"open","sticky":false,"template":"","format":"standard","meta":{"footnotes":""},"categories":[28,30],"tags":[],"class_list":["post-638","post","type-post","status-publish","format-standard","has-post-thumbnail","hentry","category-artigos","category-destaque"],"yoast_head":"<!-- This site is optimized with the Yoast SEO plugin v27.5 - https:\/\/yoast.com\/product\/yoast-seo-wordpress\/ -->\n<title>O \u00c9DEN DE L\u00daCIFER - EZEQUIEL 28: 13 - Assuntos Pol\u00eamicos da B\u00edblia<\/title>\n<meta name=\"robots\" content=\"index, follow, max-snippet:-1, max-image-preview:large, max-video-preview:-1\" \/>\n<link rel=\"canonical\" href=\"https:\/\/assuntospolemicosdabiblia.com\/blog\/o-eden-de-lucifer-ezequiel-28-13\/\" \/>\n<meta property=\"og:locale\" content=\"pt_BR\" \/>\n<meta property=\"og:type\" content=\"article\" \/>\n<meta property=\"og:title\" content=\"O \u00c9DEN DE L\u00daCIFER - EZEQUIEL 28: 13 - Assuntos Pol\u00eamicos da B\u00edblia\" \/>\n<meta property=\"og:description\" content=\"Ezequiel 28.13\u00a0\u00a0 Estavas no \u00c9den, jardim de Deus; de todas as pedras preciosas te cobrias: o s\u00e1rdio, o top\u00e1zio, o diamante, o berilo, o \u00f4nix, o jaspe, a safira, o carb\u00fanculo e a esmeralda; de ouro se te fizeram os engastes e os ornamentos; no dia em que foste criado, foram eles preparados. INTRODU\u00c7\u00c3O A Ci\u00eancia n\u00e3o tem inten\u00e7\u00e3o na Verdade Teol\u00f3gica,\u00a0 por\u00e9m a Teologia tem inten\u00e7\u00e3o na Verdade Cient\u00edfica; A Teologia, atrav\u00e9s da Verdade Cient\u00edfica, esclarece e confirma\u00a0 em determinadas circunst\u00e2ncias, quanto \u00e0 explica\u00e7\u00e3o enigm\u00e1tica que envolve as Escrituras Sagradas A Ci\u00eancia afirma atrav\u00e9s de comprova\u00e7\u00f5es f\u00f3sseis e arqueol\u00f3gicas que o passado da Terra envolve muitos Enigmas apontando ind\u00edcios de fen\u00f4menos\u00a0 com caracter\u00edsticas avan\u00e7adas no que diz respeito \u00e0 Ci\u00eancia, nos prim\u00f3rdios da Terra; A Bomba At\u00f4mica \u00e9 um exemplo de avan\u00e7ado conhecimento cient\u00edfico. PARA REFLEX\u00c3O: \u201cQuando explodiu a primeira Bomba At\u00f4mica no Novo M\u00e9xico, o deserto tornou-se um vidro fundido verde, no local da explos\u00e3o. Esse fato, de acordo com a revista Free Word, ofereceu aos arque\u00f3logos uma pista \u2013 Eles tinham escavado no antigo vale do Eufrates, e haviam desenterrado uma camada de cultura agr\u00e1ria, com oito mil anos de antiguidade, uma camada de cultura de cria\u00e7\u00e3o de gado, mais antiga ainda, e uma ainda mais antiga cultura de homens das cavernas. Recentemente, eles atingiram uma outra camada \u2013 de vidro verde fundido. Pense s\u00f3 nisso, irm\u00e3o !\u201d (New York Herald Tribune, 16 de fevereiro de 1947). \u201cPedacinhos de vidro, talvez fundidos em fogueiras \u00e9 uma coisa; mas \u00e1reas inteiras de vidro verde j\u00e1 \u00e9 algo inteiramente diferente. E esse n\u00e3o \u00e9 o \u00fanico local onde tal coisa tem sido encontrada. H\u00e1 tamb\u00e9m \u00e1reas similares na costa ocidental da Esc\u00f3cia e em outros lugares, onde apenas um lado foi fundido, como se atingido por algum intenso calor, vindo do alto. Os rel\u00e2mpagos ocasionalmente fundem a areia, mas sempre seguindo o modelo de uma raiz. Portanto, o que produziu uma camada inteira de vidro verde, em diversos lugares da Mesopot\u00e2mia? (Pursuit, Janeiro de 1970, Ian Sanderson).\u201d ( Os textos em refer\u00eancia foram extra\u00eddos da Enciclop\u00e9dia de B\u00edblia, Teologia e Filosofia, P\u00e1gina\u00a0 180 \u2013 Volume I ). Por incr\u00edvel que pare\u00e7a, essa camada de vidro verde fundido est\u00e1 na mesma \u00e1rea geogr\u00e1fica que a B\u00edblia indica a respeito do \u00c9den de Ad\u00e3o e Eva (G\u00eanesis 2: 8). \u00c9 muita coincid\u00eancia de fatos e ocorr\u00eancias. Observe tamb\u00e9m na mesma \u00e1rea geogr\u00e1fica as diferentes camadas de cultura mostrando os diversos est\u00e1gios de exist\u00eancia na face da Terra: a) 8(oito) mil anos atr\u00e1s &#8211; \u00c9den de Ad\u00e3o e Eva (G\u00eanesis 2: 8); Ver o Artigo \u201cOs Filhos de Ad\u00e3o e Eva no \u00c9den\u201d, no Site. b) Homem das cavernas \u2013 Homo Habilis ou Homo Erectus &#8211; milh\u00f5es de anos atr\u00e1s; Ver o Artigo \u201cHOMO\u201d, na p\u00e1gina 67, no Livro, no Site. c) Camada de vidro verde fundido \u2013 \u00c9den de L\u00facifer &#8211; Ezequiel 28: 13 &#8211; dezenas de milh\u00f5es de anos atr\u00e1s; Ver o Artigo \u201cOs Dinossauros\u201d, na p\u00e1gina 85, do Livro, no Site. Teologicamente eu n\u00e3o tenho d\u00favidas de que Deus ao deixar os vest\u00edgios das diversas culturas na mesma regi\u00e3o geogr\u00e1fica da Mesopot\u00e2mia, mesma regi\u00e3o que a B\u00edblia indica como \u00e1rea onde existiu o \u00c9den de G\u00eanesis 2: 8 \u2013 Ad\u00e3o e Eva, mostra que o \u00c9den de L\u00facifer &#8211; Ezequiel 28: 13 existiu na mesma Regi\u00e3o; Desta forma precisamos nos aprofundar nas camadas da pesquisa arqueol\u00f3gica, junto com o estudo das Escrituras e sair da superficialidade, com Conhecimento, Entendimento e Discernimento. Deus deixou os vest\u00edgios do passado da Terra para que o Homem atrav\u00e9s do esfor\u00e7o desvende, ou melhor, alcance o Conhecimento, o Entendimento e o Discernimento do seu Criador. \u201cBuscar-me-eis, e me achareis, quando me buscardes de todo o vosso cora\u00e7\u00e3o\u201d (Jeremias 29: 13). Por incr\u00edvel que pare\u00e7a\u00a0 essa camada profunda de vidro verde, segundo os cientistas, produzida por algo como uma explos\u00e3o at\u00f4mica, pode ser a resposta para o que a B\u00edblia diz sobre o \u00c9den de L\u00facifer &#8211; Ezequiel 28: 18 \u201c&#8230; eu, pois, fiz sair do meio de ti um fogo, que te consumiu, e te reduzi a cinzas sobre a Terra, aos olhos de todos os que te contemplam\u201d. Tudo indica que a Queda do \u00c9den de L\u00facifer &#8211; Ezequiel 28: 13 provocou uma batalha transcendental entre os Seres Celestiais fi\u00e9is a Deus e, Satan\u00e1s (Ex L\u00facifer) e seus dem\u00f4nios, provocando uma situa\u00e7\u00e3o ca\u00f3tica na face da Terra (Apocalipse 12: 7 a 9). Quero chamar \u00e0 aten\u00e7\u00e3o para o fato de que a B\u00edblia afirma que\u00a0 EXISTIU \u00a0um \u00c9den \u2013 Jardim de Deus (Ezequiel\u00a0 28: 13), anterior em milh\u00f5es de anos ao de Ad\u00e3o e Eva, e ao que tudo indica, na mesma \u00c1rea Geogr\u00e1fica onde existiu o \u00c9den de Ad\u00e3o e Eva. Um Jardim \u00e9 uma extens\u00e3o de um lar, na vida humana. Por compara\u00e7\u00e3o a B\u00edblia nos mostra que o Jardim de Deus de Ezequiel 28: 13 \u00a0era uma extens\u00e3o do C\u00e9u, um lugar onde Deus, na Terra, se fazia presente &#8211; \u201cSanto dos Santos ou Lugar Santo\u201d, como o Jardim do \u00c9den de Ad\u00e3o e Eva; O Jardim do \u00c9den \u00e9 uma extens\u00e3o do C\u00e9u, pois est\u00e1 oculto, isto \u00e9, n\u00e3o desapareceu (G\u00eanesis 3: 24 ): G\u00eanesis 3.24\u00a0\u00a0 E, expulso o homem, colocou querubins ao oriente do jardim do \u00c9den e o refulgir de uma espada que se revolvia, para guardar o caminho da \u00e1rvore da vida. Entendeu?! &#8211; O Jardim do \u00c9den n\u00e3o desapareceu, e sim, est\u00e1 oculto misteriosamente. A Terra era perfeita em Deus, totalmente Santa, sem a anunciada contamina\u00e7\u00e3o de Apocalipse 21: 27: Apocalipse 21.27\u00a0\u00a0 Nela, nunca jamais penetrar\u00e1 coisa alguma contaminada, nem o que pratica abomina\u00e7\u00e3o e mentira, mas somente os inscritos no Livro da Vida do Cordeiro. \u201cpenetrar\u00e1\u201d = invadir para destruir. \u201ccoisa alguma contaminada\u201d = Ver o Artigo \u201cA ORIGEM DO MAU\u201d, no Site\/Blog. \u201cnem o que pratica abomina\u00e7\u00e3o e mentira\u201d = Satan\u00e1s e seus dem\u00f4nios. A Terra era habitada por Deus e os Seres Celestiais criados por Ele. Como e em que condi\u00e7\u00f5es\" \/>\n<meta property=\"og:url\" content=\"https:\/\/assuntospolemicosdabiblia.com\/blog\/o-eden-de-lucifer-ezequiel-28-13\/\" \/>\n<meta property=\"og:site_name\" content=\"Assuntos Pol\u00eamicos da B\u00edblia\" \/>\n<meta property=\"article:published_time\" content=\"2011-01-27T16:42:49+00:00\" \/>\n<meta property=\"og:image\" content=\"https:\/\/assuntospolemicosdabiblia.com\/blog\/wp-content\/uploads\/2011\/01\/maxresdefault1.jpg\" \/>\n\t<meta property=\"og:image:width\" content=\"1280\" \/>\n\t<meta property=\"og:image:height\" content=\"720\" \/>\n\t<meta property=\"og:image:type\" content=\"image\/jpeg\" \/>\n<meta name=\"author\" content=\"onir\" \/>\n<meta name=\"twitter:card\" content=\"summary_large_image\" \/>\n<meta name=\"twitter:label1\" content=\"Escrito por\" \/>\n\t<meta name=\"twitter:data1\" content=\"onir\" \/>\n\t<meta name=\"twitter:label2\" content=\"Est. tempo de leitura\" \/>\n\t<meta name=\"twitter:data2\" content=\"36 minutos\" \/>\n<script type=\"application\/ld+json\" class=\"yoast-schema-graph\">{\"@context\":\"https:\\\/\\\/schema.org\",\"@graph\":[{\"@type\":\"Article\",\"@id\":\"https:\\\/\\\/assuntospolemicosdabiblia.com\\\/blog\\\/o-eden-de-lucifer-ezequiel-28-13\\\/#article\",\"isPartOf\":{\"@id\":\"https:\\\/\\\/assuntospolemicosdabiblia.com\\\/blog\\\/o-eden-de-lucifer-ezequiel-28-13\\\/\"},\"author\":{\"name\":\"onir\",\"@id\":\"https:\\\/\\\/assuntospolemicosdabiblia.com\\\/blog\\\/#\\\/schema\\\/person\\\/dcc1acf89b0697dccfe238ccc3f18807\"},\"headline\":\"O \u00c9DEN DE L\u00daCIFER &#8211; EZEQUIEL 28: 13\",\"datePublished\":\"2011-01-27T16:42:49+00:00\",\"mainEntityOfPage\":{\"@id\":\"https:\\\/\\\/assuntospolemicosdabiblia.com\\\/blog\\\/o-eden-de-lucifer-ezequiel-28-13\\\/\"},\"wordCount\":7226,\"commentCount\":60,\"image\":{\"@id\":\"https:\\\/\\\/assuntospolemicosdabiblia.com\\\/blog\\\/o-eden-de-lucifer-ezequiel-28-13\\\/#primaryimage\"},\"thumbnailUrl\":\"https:\\\/\\\/assuntospolemicosdabiblia.com\\\/blog\\\/wp-content\\\/uploads\\\/2011\\\/01\\\/maxresdefault1.jpg\",\"articleSection\":[\"Artigos\",\"Destaque\"],\"inLanguage\":\"pt-BR\",\"potentialAction\":[{\"@type\":\"CommentAction\",\"name\":\"Comment\",\"target\":[\"https:\\\/\\\/assuntospolemicosdabiblia.com\\\/blog\\\/o-eden-de-lucifer-ezequiel-28-13\\\/#respond\"]}]},{\"@type\":\"WebPage\",\"@id\":\"https:\\\/\\\/assuntospolemicosdabiblia.com\\\/blog\\\/o-eden-de-lucifer-ezequiel-28-13\\\/\",\"url\":\"https:\\\/\\\/assuntospolemicosdabiblia.com\\\/blog\\\/o-eden-de-lucifer-ezequiel-28-13\\\/\",\"name\":\"O \u00c9DEN DE L\u00daCIFER - EZEQUIEL 28: 13 - Assuntos Pol\u00eamicos da B\u00edblia\",\"isPartOf\":{\"@id\":\"https:\\\/\\\/assuntospolemicosdabiblia.com\\\/blog\\\/#website\"},\"primaryImageOfPage\":{\"@id\":\"https:\\\/\\\/assuntospolemicosdabiblia.com\\\/blog\\\/o-eden-de-lucifer-ezequiel-28-13\\\/#primaryimage\"},\"image\":{\"@id\":\"https:\\\/\\\/assuntospolemicosdabiblia.com\\\/blog\\\/o-eden-de-lucifer-ezequiel-28-13\\\/#primaryimage\"},\"thumbnailUrl\":\"https:\\\/\\\/assuntospolemicosdabiblia.com\\\/blog\\\/wp-content\\\/uploads\\\/2011\\\/01\\\/maxresdefault1.jpg\",\"datePublished\":\"2011-01-27T16:42:49+00:00\",\"author\":{\"@id\":\"https:\\\/\\\/assuntospolemicosdabiblia.com\\\/blog\\\/#\\\/schema\\\/person\\\/dcc1acf89b0697dccfe238ccc3f18807\"},\"breadcrumb\":{\"@id\":\"https:\\\/\\\/assuntospolemicosdabiblia.com\\\/blog\\\/o-eden-de-lucifer-ezequiel-28-13\\\/#breadcrumb\"},\"inLanguage\":\"pt-BR\",\"potentialAction\":[{\"@type\":\"ReadAction\",\"target\":[\"https:\\\/\\\/assuntospolemicosdabiblia.com\\\/blog\\\/o-eden-de-lucifer-ezequiel-28-13\\\/\"]}]},{\"@type\":\"ImageObject\",\"inLanguage\":\"pt-BR\",\"@id\":\"https:\\\/\\\/assuntospolemicosdabiblia.com\\\/blog\\\/o-eden-de-lucifer-ezequiel-28-13\\\/#primaryimage\",\"url\":\"https:\\\/\\\/assuntospolemicosdabiblia.com\\\/blog\\\/wp-content\\\/uploads\\\/2011\\\/01\\\/maxresdefault1.jpg\",\"contentUrl\":\"https:\\\/\\\/assuntospolemicosdabiblia.com\\\/blog\\\/wp-content\\\/uploads\\\/2011\\\/01\\\/maxresdefault1.jpg\",\"width\":1280,\"height\":720},{\"@type\":\"BreadcrumbList\",\"@id\":\"https:\\\/\\\/assuntospolemicosdabiblia.com\\\/blog\\\/o-eden-de-lucifer-ezequiel-28-13\\\/#breadcrumb\",\"itemListElement\":[{\"@type\":\"ListItem\",\"position\":1,\"name\":\"In\u00edcio\",\"item\":\"https:\\\/\\\/assuntospolemicosdabiblia.com\\\/blog\\\/\"},{\"@type\":\"ListItem\",\"position\":2,\"name\":\"O \u00c9DEN DE L\u00daCIFER &#8211; EZEQUIEL 28: 13\"}]},{\"@type\":\"WebSite\",\"@id\":\"https:\\\/\\\/assuntospolemicosdabiblia.com\\\/blog\\\/#website\",\"url\":\"https:\\\/\\\/assuntospolemicosdabiblia.com\\\/blog\\\/\",\"name\":\"Assuntos Pol\u00eamicos da B\u00edblia\",\"description\":\"Conhecereis a Verdade e a Verdade vos Libertar\u00e1\",\"potentialAction\":[{\"@type\":\"SearchAction\",\"target\":{\"@type\":\"EntryPoint\",\"urlTemplate\":\"https:\\\/\\\/assuntospolemicosdabiblia.com\\\/blog\\\/?s={search_term_string}\"},\"query-input\":{\"@type\":\"PropertyValueSpecification\",\"valueRequired\":true,\"valueName\":\"search_term_string\"}}],\"inLanguage\":\"pt-BR\"},{\"@type\":\"Person\",\"@id\":\"https:\\\/\\\/assuntospolemicosdabiblia.com\\\/blog\\\/#\\\/schema\\\/person\\\/dcc1acf89b0697dccfe238ccc3f18807\",\"name\":\"onir\",\"image\":{\"@type\":\"ImageObject\",\"inLanguage\":\"pt-BR\",\"@id\":\"https:\\\/\\\/secure.gravatar.com\\\/avatar\\\/01f8ecbe53bfdb17e125e1702a5605a51d3993dc27493d8b9c1e1aacb366eb03?s=96&d=mm&r=g\",\"url\":\"https:\\\/\\\/secure.gravatar.com\\\/avatar\\\/01f8ecbe53bfdb17e125e1702a5605a51d3993dc27493d8b9c1e1aacb366eb03?s=96&d=mm&r=g\",\"contentUrl\":\"https:\\\/\\\/secure.gravatar.com\\\/avatar\\\/01f8ecbe53bfdb17e125e1702a5605a51d3993dc27493d8b9c1e1aacb366eb03?s=96&d=mm&r=g\",\"caption\":\"onir\"},\"url\":\"https:\\\/\\\/assuntospolemicosdabiblia.com\\\/blog\\\/author\\\/onir\\\/\"}]}<\/script>\n<!-- \/ Yoast SEO plugin. -->","yoast_head_json":{"title":"O \u00c9DEN DE L\u00daCIFER - EZEQUIEL 28: 13 - Assuntos Pol\u00eamicos da B\u00edblia","robots":{"index":"index","follow":"follow","max-snippet":"max-snippet:-1","max-image-preview":"max-image-preview:large","max-video-preview":"max-video-preview:-1"},"canonical":"https:\/\/assuntospolemicosdabiblia.com\/blog\/o-eden-de-lucifer-ezequiel-28-13\/","og_locale":"pt_BR","og_type":"article","og_title":"O \u00c9DEN DE L\u00daCIFER - EZEQUIEL 28: 13 - Assuntos Pol\u00eamicos da B\u00edblia","og_description":"Ezequiel 28.13\u00a0\u00a0 Estavas no \u00c9den, jardim de Deus; de todas as pedras preciosas te cobrias: o s\u00e1rdio, o top\u00e1zio, o diamante, o berilo, o \u00f4nix, o jaspe, a safira, o carb\u00fanculo e a esmeralda; de ouro se te fizeram os engastes e os ornamentos; no dia em que foste criado, foram eles preparados. INTRODU\u00c7\u00c3O A Ci\u00eancia n\u00e3o tem inten\u00e7\u00e3o na Verdade Teol\u00f3gica,\u00a0 por\u00e9m a Teologia tem inten\u00e7\u00e3o na Verdade Cient\u00edfica; A Teologia, atrav\u00e9s da Verdade Cient\u00edfica, esclarece e confirma\u00a0 em determinadas circunst\u00e2ncias, quanto \u00e0 explica\u00e7\u00e3o enigm\u00e1tica que envolve as Escrituras Sagradas A Ci\u00eancia afirma atrav\u00e9s de comprova\u00e7\u00f5es f\u00f3sseis e arqueol\u00f3gicas que o passado da Terra envolve muitos Enigmas apontando ind\u00edcios de fen\u00f4menos\u00a0 com caracter\u00edsticas avan\u00e7adas no que diz respeito \u00e0 Ci\u00eancia, nos prim\u00f3rdios da Terra; A Bomba At\u00f4mica \u00e9 um exemplo de avan\u00e7ado conhecimento cient\u00edfico. PARA REFLEX\u00c3O: \u201cQuando explodiu a primeira Bomba At\u00f4mica no Novo M\u00e9xico, o deserto tornou-se um vidro fundido verde, no local da explos\u00e3o. Esse fato, de acordo com a revista Free Word, ofereceu aos arque\u00f3logos uma pista \u2013 Eles tinham escavado no antigo vale do Eufrates, e haviam desenterrado uma camada de cultura agr\u00e1ria, com oito mil anos de antiguidade, uma camada de cultura de cria\u00e7\u00e3o de gado, mais antiga ainda, e uma ainda mais antiga cultura de homens das cavernas. Recentemente, eles atingiram uma outra camada \u2013 de vidro verde fundido. Pense s\u00f3 nisso, irm\u00e3o !\u201d (New York Herald Tribune, 16 de fevereiro de 1947). \u201cPedacinhos de vidro, talvez fundidos em fogueiras \u00e9 uma coisa; mas \u00e1reas inteiras de vidro verde j\u00e1 \u00e9 algo inteiramente diferente. E esse n\u00e3o \u00e9 o \u00fanico local onde tal coisa tem sido encontrada. H\u00e1 tamb\u00e9m \u00e1reas similares na costa ocidental da Esc\u00f3cia e em outros lugares, onde apenas um lado foi fundido, como se atingido por algum intenso calor, vindo do alto. Os rel\u00e2mpagos ocasionalmente fundem a areia, mas sempre seguindo o modelo de uma raiz. Portanto, o que produziu uma camada inteira de vidro verde, em diversos lugares da Mesopot\u00e2mia? (Pursuit, Janeiro de 1970, Ian Sanderson).\u201d ( Os textos em refer\u00eancia foram extra\u00eddos da Enciclop\u00e9dia de B\u00edblia, Teologia e Filosofia, P\u00e1gina\u00a0 180 \u2013 Volume I ). Por incr\u00edvel que pare\u00e7a, essa camada de vidro verde fundido est\u00e1 na mesma \u00e1rea geogr\u00e1fica que a B\u00edblia indica a respeito do \u00c9den de Ad\u00e3o e Eva (G\u00eanesis 2: 8). \u00c9 muita coincid\u00eancia de fatos e ocorr\u00eancias. Observe tamb\u00e9m na mesma \u00e1rea geogr\u00e1fica as diferentes camadas de cultura mostrando os diversos est\u00e1gios de exist\u00eancia na face da Terra: a) 8(oito) mil anos atr\u00e1s &#8211; \u00c9den de Ad\u00e3o e Eva (G\u00eanesis 2: 8); Ver o Artigo \u201cOs Filhos de Ad\u00e3o e Eva no \u00c9den\u201d, no Site. b) Homem das cavernas \u2013 Homo Habilis ou Homo Erectus &#8211; milh\u00f5es de anos atr\u00e1s; Ver o Artigo \u201cHOMO\u201d, na p\u00e1gina 67, no Livro, no Site. c) Camada de vidro verde fundido \u2013 \u00c9den de L\u00facifer &#8211; Ezequiel 28: 13 &#8211; dezenas de milh\u00f5es de anos atr\u00e1s; Ver o Artigo \u201cOs Dinossauros\u201d, na p\u00e1gina 85, do Livro, no Site. Teologicamente eu n\u00e3o tenho d\u00favidas de que Deus ao deixar os vest\u00edgios das diversas culturas na mesma regi\u00e3o geogr\u00e1fica da Mesopot\u00e2mia, mesma regi\u00e3o que a B\u00edblia indica como \u00e1rea onde existiu o \u00c9den de G\u00eanesis 2: 8 \u2013 Ad\u00e3o e Eva, mostra que o \u00c9den de L\u00facifer &#8211; Ezequiel 28: 13 existiu na mesma Regi\u00e3o; Desta forma precisamos nos aprofundar nas camadas da pesquisa arqueol\u00f3gica, junto com o estudo das Escrituras e sair da superficialidade, com Conhecimento, Entendimento e Discernimento. Deus deixou os vest\u00edgios do passado da Terra para que o Homem atrav\u00e9s do esfor\u00e7o desvende, ou melhor, alcance o Conhecimento, o Entendimento e o Discernimento do seu Criador. \u201cBuscar-me-eis, e me achareis, quando me buscardes de todo o vosso cora\u00e7\u00e3o\u201d (Jeremias 29: 13). Por incr\u00edvel que pare\u00e7a\u00a0 essa camada profunda de vidro verde, segundo os cientistas, produzida por algo como uma explos\u00e3o at\u00f4mica, pode ser a resposta para o que a B\u00edblia diz sobre o \u00c9den de L\u00facifer &#8211; Ezequiel 28: 18 \u201c&#8230; eu, pois, fiz sair do meio de ti um fogo, que te consumiu, e te reduzi a cinzas sobre a Terra, aos olhos de todos os que te contemplam\u201d. Tudo indica que a Queda do \u00c9den de L\u00facifer &#8211; Ezequiel 28: 13 provocou uma batalha transcendental entre os Seres Celestiais fi\u00e9is a Deus e, Satan\u00e1s (Ex L\u00facifer) e seus dem\u00f4nios, provocando uma situa\u00e7\u00e3o ca\u00f3tica na face da Terra (Apocalipse 12: 7 a 9). Quero chamar \u00e0 aten\u00e7\u00e3o para o fato de que a B\u00edblia afirma que\u00a0 EXISTIU \u00a0um \u00c9den \u2013 Jardim de Deus (Ezequiel\u00a0 28: 13), anterior em milh\u00f5es de anos ao de Ad\u00e3o e Eva, e ao que tudo indica, na mesma \u00c1rea Geogr\u00e1fica onde existiu o \u00c9den de Ad\u00e3o e Eva. Um Jardim \u00e9 uma extens\u00e3o de um lar, na vida humana. Por compara\u00e7\u00e3o a B\u00edblia nos mostra que o Jardim de Deus de Ezequiel 28: 13 \u00a0era uma extens\u00e3o do C\u00e9u, um lugar onde Deus, na Terra, se fazia presente &#8211; \u201cSanto dos Santos ou Lugar Santo\u201d, como o Jardim do \u00c9den de Ad\u00e3o e Eva; O Jardim do \u00c9den \u00e9 uma extens\u00e3o do C\u00e9u, pois est\u00e1 oculto, isto \u00e9, n\u00e3o desapareceu (G\u00eanesis 3: 24 ): G\u00eanesis 3.24\u00a0\u00a0 E, expulso o homem, colocou querubins ao oriente do jardim do \u00c9den e o refulgir de uma espada que se revolvia, para guardar o caminho da \u00e1rvore da vida. Entendeu?! &#8211; O Jardim do \u00c9den n\u00e3o desapareceu, e sim, est\u00e1 oculto misteriosamente. A Terra era perfeita em Deus, totalmente Santa, sem a anunciada contamina\u00e7\u00e3o de Apocalipse 21: 27: Apocalipse 21.27\u00a0\u00a0 Nela, nunca jamais penetrar\u00e1 coisa alguma contaminada, nem o que pratica abomina\u00e7\u00e3o e mentira, mas somente os inscritos no Livro da Vida do Cordeiro. \u201cpenetrar\u00e1\u201d = invadir para destruir. \u201ccoisa alguma contaminada\u201d = Ver o Artigo \u201cA ORIGEM DO MAU\u201d, no Site\/Blog. \u201cnem o que pratica abomina\u00e7\u00e3o e mentira\u201d = Satan\u00e1s e seus dem\u00f4nios. A Terra era habitada por Deus e os Seres Celestiais criados por Ele. Como e em que condi\u00e7\u00f5es","og_url":"https:\/\/assuntospolemicosdabiblia.com\/blog\/o-eden-de-lucifer-ezequiel-28-13\/","og_site_name":"Assuntos Pol\u00eamicos da B\u00edblia","article_published_time":"2011-01-27T16:42:49+00:00","og_image":[{"width":1280,"height":720,"url":"https:\/\/assuntospolemicosdabiblia.com\/blog\/wp-content\/uploads\/2011\/01\/maxresdefault1.jpg","type":"image\/jpeg"}],"author":"onir","twitter_card":"summary_large_image","twitter_misc":{"Escrito por":"onir","Est. tempo de leitura":"36 minutos"},"schema":{"@context":"https:\/\/schema.org","@graph":[{"@type":"Article","@id":"https:\/\/assuntospolemicosdabiblia.com\/blog\/o-eden-de-lucifer-ezequiel-28-13\/#article","isPartOf":{"@id":"https:\/\/assuntospolemicosdabiblia.com\/blog\/o-eden-de-lucifer-ezequiel-28-13\/"},"author":{"name":"onir","@id":"https:\/\/assuntospolemicosdabiblia.com\/blog\/#\/schema\/person\/dcc1acf89b0697dccfe238ccc3f18807"},"headline":"O \u00c9DEN DE L\u00daCIFER &#8211; EZEQUIEL 28: 13","datePublished":"2011-01-27T16:42:49+00:00","mainEntityOfPage":{"@id":"https:\/\/assuntospolemicosdabiblia.com\/blog\/o-eden-de-lucifer-ezequiel-28-13\/"},"wordCount":7226,"commentCount":60,"image":{"@id":"https:\/\/assuntospolemicosdabiblia.com\/blog\/o-eden-de-lucifer-ezequiel-28-13\/#primaryimage"},"thumbnailUrl":"https:\/\/assuntospolemicosdabiblia.com\/blog\/wp-content\/uploads\/2011\/01\/maxresdefault1.jpg","articleSection":["Artigos","Destaque"],"inLanguage":"pt-BR","potentialAction":[{"@type":"CommentAction","name":"Comment","target":["https:\/\/assuntospolemicosdabiblia.com\/blog\/o-eden-de-lucifer-ezequiel-28-13\/#respond"]}]},{"@type":"WebPage","@id":"https:\/\/assuntospolemicosdabiblia.com\/blog\/o-eden-de-lucifer-ezequiel-28-13\/","url":"https:\/\/assuntospolemicosdabiblia.com\/blog\/o-eden-de-lucifer-ezequiel-28-13\/","name":"O \u00c9DEN DE L\u00daCIFER - EZEQUIEL 28: 13 - Assuntos Pol\u00eamicos da B\u00edblia","isPartOf":{"@id":"https:\/\/assuntospolemicosdabiblia.com\/blog\/#website"},"primaryImageOfPage":{"@id":"https:\/\/assuntospolemicosdabiblia.com\/blog\/o-eden-de-lucifer-ezequiel-28-13\/#primaryimage"},"image":{"@id":"https:\/\/assuntospolemicosdabiblia.com\/blog\/o-eden-de-lucifer-ezequiel-28-13\/#primaryimage"},"thumbnailUrl":"https:\/\/assuntospolemicosdabiblia.com\/blog\/wp-content\/uploads\/2011\/01\/maxresdefault1.jpg","datePublished":"2011-01-27T16:42:49+00:00","author":{"@id":"https:\/\/assuntospolemicosdabiblia.com\/blog\/#\/schema\/person\/dcc1acf89b0697dccfe238ccc3f18807"},"breadcrumb":{"@id":"https:\/\/assuntospolemicosdabiblia.com\/blog\/o-eden-de-lucifer-ezequiel-28-13\/#breadcrumb"},"inLanguage":"pt-BR","potentialAction":[{"@type":"ReadAction","target":["https:\/\/assuntospolemicosdabiblia.com\/blog\/o-eden-de-lucifer-ezequiel-28-13\/"]}]},{"@type":"ImageObject","inLanguage":"pt-BR","@id":"https:\/\/assuntospolemicosdabiblia.com\/blog\/o-eden-de-lucifer-ezequiel-28-13\/#primaryimage","url":"https:\/\/assuntospolemicosdabiblia.com\/blog\/wp-content\/uploads\/2011\/01\/maxresdefault1.jpg","contentUrl":"https:\/\/assuntospolemicosdabiblia.com\/blog\/wp-content\/uploads\/2011\/01\/maxresdefault1.jpg","width":1280,"height":720},{"@type":"BreadcrumbList","@id":"https:\/\/assuntospolemicosdabiblia.com\/blog\/o-eden-de-lucifer-ezequiel-28-13\/#breadcrumb","itemListElement":[{"@type":"ListItem","position":1,"name":"In\u00edcio","item":"https:\/\/assuntospolemicosdabiblia.com\/blog\/"},{"@type":"ListItem","position":2,"name":"O \u00c9DEN DE L\u00daCIFER &#8211; EZEQUIEL 28: 13"}]},{"@type":"WebSite","@id":"https:\/\/assuntospolemicosdabiblia.com\/blog\/#website","url":"https:\/\/assuntospolemicosdabiblia.com\/blog\/","name":"Assuntos Pol\u00eamicos da B\u00edblia","description":"Conhecereis a Verdade e a Verdade vos Libertar\u00e1","potentialAction":[{"@type":"SearchAction","target":{"@type":"EntryPoint","urlTemplate":"https:\/\/assuntospolemicosdabiblia.com\/blog\/?s={search_term_string}"},"query-input":{"@type":"PropertyValueSpecification","valueRequired":true,"valueName":"search_term_string"}}],"inLanguage":"pt-BR"},{"@type":"Person","@id":"https:\/\/assuntospolemicosdabiblia.com\/blog\/#\/schema\/person\/dcc1acf89b0697dccfe238ccc3f18807","name":"onir","image":{"@type":"ImageObject","inLanguage":"pt-BR","@id":"https:\/\/secure.gravatar.com\/avatar\/01f8ecbe53bfdb17e125e1702a5605a51d3993dc27493d8b9c1e1aacb366eb03?s=96&d=mm&r=g","url":"https:\/\/secure.gravatar.com\/avatar\/01f8ecbe53bfdb17e125e1702a5605a51d3993dc27493d8b9c1e1aacb366eb03?s=96&d=mm&r=g","contentUrl":"https:\/\/secure.gravatar.com\/avatar\/01f8ecbe53bfdb17e125e1702a5605a51d3993dc27493d8b9c1e1aacb366eb03?s=96&d=mm&r=g","caption":"onir"},"url":"https:\/\/assuntospolemicosdabiblia.com\/blog\/author\/onir\/"}]}},"_links":{"self":[{"href":"https:\/\/assuntospolemicosdabiblia.com\/blog\/wp-json\/wp\/v2\/posts\/638","targetHints":{"allow":["GET"]}}],"collection":[{"href":"https:\/\/assuntospolemicosdabiblia.com\/blog\/wp-json\/wp\/v2\/posts"}],"about":[{"href":"https:\/\/assuntospolemicosdabiblia.com\/blog\/wp-json\/wp\/v2\/types\/post"}],"author":[{"embeddable":true,"href":"https:\/\/assuntospolemicosdabiblia.com\/blog\/wp-json\/wp\/v2\/users\/2"}],"replies":[{"embeddable":true,"href":"https:\/\/assuntospolemicosdabiblia.com\/blog\/wp-json\/wp\/v2\/comments?post=638"}],"version-history":[{"count":0,"href":"https:\/\/assuntospolemicosdabiblia.com\/blog\/wp-json\/wp\/v2\/posts\/638\/revisions"}],"wp:featuredmedia":[{"embeddable":true,"href":"https:\/\/assuntospolemicosdabiblia.com\/blog\/wp-json\/wp\/v2\/media\/15818"}],"wp:attachment":[{"href":"https:\/\/assuntospolemicosdabiblia.com\/blog\/wp-json\/wp\/v2\/media?parent=638"}],"wp:term":[{"taxonomy":"category","embeddable":true,"href":"https:\/\/assuntospolemicosdabiblia.com\/blog\/wp-json\/wp\/v2\/categories?post=638"},{"taxonomy":"post_tag","embeddable":true,"href":"https:\/\/assuntospolemicosdabiblia.com\/blog\/wp-json\/wp\/v2\/tags?post=638"}],"curies":[{"name":"wp","href":"https:\/\/api.w.org\/{rel}","templated":true}]}}