{"id":99,"date":"2007-07-26T10:32:53","date_gmt":"2007-07-26T13:32:53","guid":{"rendered":"http:\/\/assuntospolemicosdabiblia.com\/blog\/?p=99"},"modified":"2007-07-26T10:32:53","modified_gmt":"2007-07-26T13:32:53","slug":"o-poeta-criador-2","status":"publish","type":"post","link":"https:\/\/assuntospolemicosdabiblia.com\/blog\/o-poeta-criador-2\/","title":{"rendered":"O POETA CRIADOR"},"content":{"rendered":"<p><img fetchpriority=\"high\" decoding=\"async\" class=\"alignnone size-large wp-image-1066\" src=\"http:\/\/assuntospolemicosdabiblia.com\/blog\/wp-content\/uploads\/a-criacao-de-adao-michelangelo1-600x450.jpg\" alt=\"a-criacao-de-adao-michelangelo[1]\" width=\"600\" height=\"450\" \/><br \/>\n<strong>O POETA CRIADOR<br \/>\n( Jo\u00e3o 19: 30 )<\/strong><\/p>\n<p>Eu preciso ouvir algo<br \/>\nQue venha do seio da alma<br \/>\nAlgo que encha o esp\u00edrito<br \/>\nDe paz, de amor e de calma.<\/p>\n<p>Eu preciso ouvir mais<br \/>\nMuito mais do interior<br \/>\nSem superficialidade<br \/>\nMas recheada de Amor<\/p>\n<p>Est\u00e1 faltando poesia<br \/>\nDo fundo do cora\u00e7\u00e3o<br \/>\nSem superficialidade<br \/>\nMas com muita inspira\u00e7\u00e3o<\/p>\n<p>A minha alma anseia<br \/>\nPor ouvir mais poesia<br \/>\nPoesia que consagre<br \/>\nA vida com alegria<\/p>\n<p>Eu sinto falta de algo<br \/>\nDo fundo do cora\u00e7\u00e3o<br \/>\nAlgo mais do que s\u00f3 versos<br \/>\nMas cheio de inspira\u00e7\u00e3o<\/p>\n<p>Onde est\u00e3o nossos poetas?<br \/>\nOnde est\u00e3o os portadores<br \/>\nDe inspira\u00e7\u00e3o perfumada<br \/>\nE com o esplendor das flores?<\/p>\n<p>Eu sinto muita saudade<br \/>\nDas coisas simples e puras<br \/>\nDas cantigas de rodinhas<br \/>\nRecheadas de ternuras<\/p>\n<p>O rob\u00f4, roubou os versos<br \/>\nA m\u00e1quina, a poesia<br \/>\nO encanto natural<br \/>\nPerdeu-se no dia a dia<\/p>\n<p>Quero encher meu cora\u00e7\u00e3o<br \/>\nDe tal maneira inundar<br \/>\nQue as concupisc\u00eancias do Mundo<br \/>\nN\u00e3o possam me alcan\u00e7ar<\/p>\n<p>S\u00f3 a poesia inspirada<br \/>\nConsegue me satisfazer<br \/>\nMas junto com a Palavra<br \/>\nQue Deus tem para dizer<\/p>\n<p>O Mundo \u00e9 um Poema<br \/>\nQue precisa de poetas<br \/>\nPara transmitir em versos<br \/>\nAs verdades mais concretas<\/p>\n<p>N\u00e3o quero ser diferente<br \/>\nT\u00e3o pouco sou exigente<br \/>\nMas \u00e9 preciso ouvir algo<br \/>\nQue encha o cora\u00e7\u00e3o da gente<\/p>\n<p>O Mundo \u00e9 colorido<br \/>\nPorque Deus \u00e9 Esplendor<br \/>\nPois tudo Emanou de Deus<br \/>\nO Poeta Criador<\/p>\n<p>Deus \u00e9 o Pai Poeta<br \/>\nJesus \u00e9 a Composi\u00e7\u00e3o<br \/>\nO Mundo \u00e9 o poema<br \/>\nO Consolador, a inspira\u00e7\u00e3o<\/p>\n<p>O mundo \u00e9 um poema<br \/>\nQue Deus fez pela Palavra<br \/>\nDeus ama a poesia<br \/>\nE satan\u00e1s a deprava<\/p>\n<p>Mas o Poeta \u00e9 maior<br \/>\nMaior que o destruidor<br \/>\nJesus \u00e9 a Composi\u00e7\u00e3o<br \/>\nInspirada no Amor<\/p>\n<p>O Mundo \u00e9 um Poema<br \/>\nCujos Versos \u00e9 Jesus<br \/>\nQue consumou o\u00a0 Poema<br \/>\nNum Monte e numa Cruz<\/p>\n<p>Onir Francisco Damas<\/p>\n","protected":false},"excerpt":{"rendered":"<p>O POETA CRIADOR ( Jo\u00e3o 19: 30 ) Eu preciso ouvir algo Que venha do seio da alma Algo que encha o esp\u00edrito De paz, de amor e de calma. Eu preciso ouvir mais Muito mais do interior Sem superficialidade Mas recheada de Amor Est\u00e1 faltando poesia Do fundo do cora\u00e7\u00e3o Sem superficialidade Mas com muita inspira\u00e7\u00e3o A minha alma anseia Por ouvir mais poesia Poesia que consagre A vida com alegria Eu sinto falta de algo Do fundo do cora\u00e7\u00e3o Algo mais do que s\u00f3 versos Mas cheio de inspira\u00e7\u00e3o Onde est\u00e3o nossos poetas? Onde est\u00e3o os portadores De inspira\u00e7\u00e3o perfumada E com o esplendor das flores? Eu sinto muita saudade Das coisas simples e puras Das cantigas de rodinhas Recheadas de ternuras O rob\u00f4, roubou os versos A m\u00e1quina, a poesia O encanto natural Perdeu-se no dia a dia Quero encher meu cora\u00e7\u00e3o De tal maneira inundar Que as concupisc\u00eancias do Mundo N\u00e3o possam me alcan\u00e7ar S\u00f3 a poesia inspirada Consegue me satisfazer Mas junto com a Palavra Que Deus tem para dizer O Mundo \u00e9 um Poema Que precisa de poetas Para transmitir em versos As verdades mais concretas N\u00e3o quero ser diferente T\u00e3o pouco sou exigente Mas \u00e9 preciso ouvir algo Que encha o cora\u00e7\u00e3o da gente O Mundo \u00e9 colorido Porque Deus \u00e9 Esplendor Pois tudo Emanou de Deus O Poeta Criador Deus \u00e9 o Pai Poeta Jesus \u00e9 a Composi\u00e7\u00e3o O Mundo \u00e9 o poema O Consolador, a inspira\u00e7\u00e3o O mundo \u00e9 um poema Que Deus fez pela Palavra Deus ama a poesia E satan\u00e1s a deprava Mas o Poeta \u00e9 maior Maior que o destruidor Jesus \u00e9 a Composi\u00e7\u00e3o Inspirada no Amor O Mundo \u00e9 um Poema Cujos Versos \u00e9 Jesus Que consumou o\u00a0 Poema Num Monte e numa Cruz Onir Francisco Damas<\/p>\n","protected":false},"author":2,"featured_media":1066,"comment_status":"open","ping_status":"open","sticky":false,"template":"","format":"standard","meta":{"footnotes":""},"categories":[29],"tags":[],"class_list":["post-99","post","type-post","status-publish","format-standard","has-post-thumbnail","hentry","category-poesias"],"yoast_head":"<!-- This site is optimized with the Yoast SEO plugin v27.5 - https:\/\/yoast.com\/product\/yoast-seo-wordpress\/ -->\n<title>O POETA CRIADOR - Assuntos Pol\u00eamicos da B\u00edblia<\/title>\n<meta name=\"robots\" content=\"index, follow, max-snippet:-1, max-image-preview:large, max-video-preview:-1\" \/>\n<link rel=\"canonical\" href=\"https:\/\/assuntospolemicosdabiblia.com\/blog\/o-poeta-criador-2\/\" \/>\n<meta property=\"og:locale\" content=\"pt_BR\" \/>\n<meta property=\"og:type\" content=\"article\" \/>\n<meta property=\"og:title\" content=\"O POETA CRIADOR - Assuntos Pol\u00eamicos da B\u00edblia\" \/>\n<meta property=\"og:description\" content=\"O POETA CRIADOR ( Jo\u00e3o 19: 30 ) Eu preciso ouvir algo Que venha do seio da alma Algo que encha o esp\u00edrito De paz, de amor e de calma. Eu preciso ouvir mais Muito mais do interior Sem superficialidade Mas recheada de Amor Est\u00e1 faltando poesia Do fundo do cora\u00e7\u00e3o Sem superficialidade Mas com muita inspira\u00e7\u00e3o A minha alma anseia Por ouvir mais poesia Poesia que consagre A vida com alegria Eu sinto falta de algo Do fundo do cora\u00e7\u00e3o Algo mais do que s\u00f3 versos Mas cheio de inspira\u00e7\u00e3o Onde est\u00e3o nossos poetas? Onde est\u00e3o os portadores De inspira\u00e7\u00e3o perfumada E com o esplendor das flores? Eu sinto muita saudade Das coisas simples e puras Das cantigas de rodinhas Recheadas de ternuras O rob\u00f4, roubou os versos A m\u00e1quina, a poesia O encanto natural Perdeu-se no dia a dia Quero encher meu cora\u00e7\u00e3o De tal maneira inundar Que as concupisc\u00eancias do Mundo N\u00e3o possam me alcan\u00e7ar S\u00f3 a poesia inspirada Consegue me satisfazer Mas junto com a Palavra Que Deus tem para dizer O Mundo \u00e9 um Poema Que precisa de poetas Para transmitir em versos As verdades mais concretas N\u00e3o quero ser diferente T\u00e3o pouco sou exigente Mas \u00e9 preciso ouvir algo Que encha o cora\u00e7\u00e3o da gente O Mundo \u00e9 colorido Porque Deus \u00e9 Esplendor Pois tudo Emanou de Deus O Poeta Criador Deus \u00e9 o Pai Poeta Jesus \u00e9 a Composi\u00e7\u00e3o O Mundo \u00e9 o poema O Consolador, a inspira\u00e7\u00e3o O mundo \u00e9 um poema Que Deus fez pela Palavra Deus ama a poesia E satan\u00e1s a deprava Mas o Poeta \u00e9 maior Maior que o destruidor Jesus \u00e9 a Composi\u00e7\u00e3o Inspirada no Amor O Mundo \u00e9 um Poema Cujos Versos \u00e9 Jesus Que consumou o\u00a0 Poema Num Monte e numa Cruz Onir Francisco Damas\" \/>\n<meta property=\"og:url\" content=\"https:\/\/assuntospolemicosdabiblia.com\/blog\/o-poeta-criador-2\/\" \/>\n<meta property=\"og:site_name\" content=\"Assuntos Pol\u00eamicos da B\u00edblia\" \/>\n<meta property=\"article:published_time\" content=\"2007-07-26T13:32:53+00:00\" \/>\n<meta property=\"og:image\" content=\"https:\/\/assuntospolemicosdabiblia.com\/blog\/wp-content\/uploads\/2013\/03\/a-criacao-de-adao-michelangelo1-1-1-1.jpg\" \/>\n\t<meta property=\"og:image:width\" content=\"1024\" \/>\n\t<meta property=\"og:image:height\" content=\"768\" \/>\n\t<meta property=\"og:image:type\" content=\"image\/jpeg\" \/>\n<meta name=\"author\" content=\"onir\" \/>\n<meta name=\"twitter:card\" content=\"summary_large_image\" \/>\n<meta name=\"twitter:label1\" content=\"Escrito por\" \/>\n\t<meta name=\"twitter:data1\" content=\"onir\" \/>\n\t<meta name=\"twitter:label2\" content=\"Est. tempo de leitura\" \/>\n\t<meta name=\"twitter:data2\" content=\"2 minutos\" \/>\n<script type=\"application\/ld+json\" class=\"yoast-schema-graph\">{\"@context\":\"https:\\\/\\\/schema.org\",\"@graph\":[{\"@type\":\"Article\",\"@id\":\"https:\\\/\\\/assuntospolemicosdabiblia.com\\\/blog\\\/o-poeta-criador-2\\\/#article\",\"isPartOf\":{\"@id\":\"https:\\\/\\\/assuntospolemicosdabiblia.com\\\/blog\\\/o-poeta-criador-2\\\/\"},\"author\":{\"name\":\"onir\",\"@id\":\"https:\\\/\\\/assuntospolemicosdabiblia.com\\\/blog\\\/#\\\/schema\\\/person\\\/dcc1acf89b0697dccfe238ccc3f18807\"},\"headline\":\"O POETA CRIADOR\",\"datePublished\":\"2007-07-26T13:32:53+00:00\",\"mainEntityOfPage\":{\"@id\":\"https:\\\/\\\/assuntospolemicosdabiblia.com\\\/blog\\\/o-poeta-criador-2\\\/\"},\"wordCount\":308,\"commentCount\":0,\"image\":{\"@id\":\"https:\\\/\\\/assuntospolemicosdabiblia.com\\\/blog\\\/o-poeta-criador-2\\\/#primaryimage\"},\"thumbnailUrl\":\"https:\\\/\\\/assuntospolemicosdabiblia.com\\\/blog\\\/wp-content\\\/uploads\\\/2013\\\/03\\\/a-criacao-de-adao-michelangelo1-1-1-1.jpg\",\"articleSection\":[\"Poesias\"],\"inLanguage\":\"pt-BR\",\"potentialAction\":[{\"@type\":\"CommentAction\",\"name\":\"Comment\",\"target\":[\"https:\\\/\\\/assuntospolemicosdabiblia.com\\\/blog\\\/o-poeta-criador-2\\\/#respond\"]}]},{\"@type\":\"WebPage\",\"@id\":\"https:\\\/\\\/assuntospolemicosdabiblia.com\\\/blog\\\/o-poeta-criador-2\\\/\",\"url\":\"https:\\\/\\\/assuntospolemicosdabiblia.com\\\/blog\\\/o-poeta-criador-2\\\/\",\"name\":\"O POETA CRIADOR - Assuntos Pol\u00eamicos da B\u00edblia\",\"isPartOf\":{\"@id\":\"https:\\\/\\\/assuntospolemicosdabiblia.com\\\/blog\\\/#website\"},\"primaryImageOfPage\":{\"@id\":\"https:\\\/\\\/assuntospolemicosdabiblia.com\\\/blog\\\/o-poeta-criador-2\\\/#primaryimage\"},\"image\":{\"@id\":\"https:\\\/\\\/assuntospolemicosdabiblia.com\\\/blog\\\/o-poeta-criador-2\\\/#primaryimage\"},\"thumbnailUrl\":\"https:\\\/\\\/assuntospolemicosdabiblia.com\\\/blog\\\/wp-content\\\/uploads\\\/2013\\\/03\\\/a-criacao-de-adao-michelangelo1-1-1-1.jpg\",\"datePublished\":\"2007-07-26T13:32:53+00:00\",\"author\":{\"@id\":\"https:\\\/\\\/assuntospolemicosdabiblia.com\\\/blog\\\/#\\\/schema\\\/person\\\/dcc1acf89b0697dccfe238ccc3f18807\"},\"breadcrumb\":{\"@id\":\"https:\\\/\\\/assuntospolemicosdabiblia.com\\\/blog\\\/o-poeta-criador-2\\\/#breadcrumb\"},\"inLanguage\":\"pt-BR\",\"potentialAction\":[{\"@type\":\"ReadAction\",\"target\":[\"https:\\\/\\\/assuntospolemicosdabiblia.com\\\/blog\\\/o-poeta-criador-2\\\/\"]}]},{\"@type\":\"ImageObject\",\"inLanguage\":\"pt-BR\",\"@id\":\"https:\\\/\\\/assuntospolemicosdabiblia.com\\\/blog\\\/o-poeta-criador-2\\\/#primaryimage\",\"url\":\"https:\\\/\\\/assuntospolemicosdabiblia.com\\\/blog\\\/wp-content\\\/uploads\\\/2013\\\/03\\\/a-criacao-de-adao-michelangelo1-1-1-1.jpg\",\"contentUrl\":\"https:\\\/\\\/assuntospolemicosdabiblia.com\\\/blog\\\/wp-content\\\/uploads\\\/2013\\\/03\\\/a-criacao-de-adao-michelangelo1-1-1-1.jpg\",\"width\":1024,\"height\":768},{\"@type\":\"BreadcrumbList\",\"@id\":\"https:\\\/\\\/assuntospolemicosdabiblia.com\\\/blog\\\/o-poeta-criador-2\\\/#breadcrumb\",\"itemListElement\":[{\"@type\":\"ListItem\",\"position\":1,\"name\":\"In\u00edcio\",\"item\":\"https:\\\/\\\/assuntospolemicosdabiblia.com\\\/blog\\\/\"},{\"@type\":\"ListItem\",\"position\":2,\"name\":\"O POETA CRIADOR\"}]},{\"@type\":\"WebSite\",\"@id\":\"https:\\\/\\\/assuntospolemicosdabiblia.com\\\/blog\\\/#website\",\"url\":\"https:\\\/\\\/assuntospolemicosdabiblia.com\\\/blog\\\/\",\"name\":\"Assuntos Pol\u00eamicos da B\u00edblia\",\"description\":\"Conhecereis a Verdade e a Verdade vos Libertar\u00e1\",\"potentialAction\":[{\"@type\":\"SearchAction\",\"target\":{\"@type\":\"EntryPoint\",\"urlTemplate\":\"https:\\\/\\\/assuntospolemicosdabiblia.com\\\/blog\\\/?s={search_term_string}\"},\"query-input\":{\"@type\":\"PropertyValueSpecification\",\"valueRequired\":true,\"valueName\":\"search_term_string\"}}],\"inLanguage\":\"pt-BR\"},{\"@type\":\"Person\",\"@id\":\"https:\\\/\\\/assuntospolemicosdabiblia.com\\\/blog\\\/#\\\/schema\\\/person\\\/dcc1acf89b0697dccfe238ccc3f18807\",\"name\":\"onir\",\"image\":{\"@type\":\"ImageObject\",\"inLanguage\":\"pt-BR\",\"@id\":\"https:\\\/\\\/secure.gravatar.com\\\/avatar\\\/01f8ecbe53bfdb17e125e1702a5605a51d3993dc27493d8b9c1e1aacb366eb03?s=96&d=mm&r=g\",\"url\":\"https:\\\/\\\/secure.gravatar.com\\\/avatar\\\/01f8ecbe53bfdb17e125e1702a5605a51d3993dc27493d8b9c1e1aacb366eb03?s=96&d=mm&r=g\",\"contentUrl\":\"https:\\\/\\\/secure.gravatar.com\\\/avatar\\\/01f8ecbe53bfdb17e125e1702a5605a51d3993dc27493d8b9c1e1aacb366eb03?s=96&d=mm&r=g\",\"caption\":\"onir\"},\"url\":\"https:\\\/\\\/assuntospolemicosdabiblia.com\\\/blog\\\/author\\\/onir\\\/\"}]}<\/script>\n<!-- \/ Yoast SEO plugin. -->","yoast_head_json":{"title":"O POETA CRIADOR - Assuntos Pol\u00eamicos da B\u00edblia","robots":{"index":"index","follow":"follow","max-snippet":"max-snippet:-1","max-image-preview":"max-image-preview:large","max-video-preview":"max-video-preview:-1"},"canonical":"https:\/\/assuntospolemicosdabiblia.com\/blog\/o-poeta-criador-2\/","og_locale":"pt_BR","og_type":"article","og_title":"O POETA CRIADOR - Assuntos Pol\u00eamicos da B\u00edblia","og_description":"O POETA CRIADOR ( Jo\u00e3o 19: 30 ) Eu preciso ouvir algo Que venha do seio da alma Algo que encha o esp\u00edrito De paz, de amor e de calma. Eu preciso ouvir mais Muito mais do interior Sem superficialidade Mas recheada de Amor Est\u00e1 faltando poesia Do fundo do cora\u00e7\u00e3o Sem superficialidade Mas com muita inspira\u00e7\u00e3o A minha alma anseia Por ouvir mais poesia Poesia que consagre A vida com alegria Eu sinto falta de algo Do fundo do cora\u00e7\u00e3o Algo mais do que s\u00f3 versos Mas cheio de inspira\u00e7\u00e3o Onde est\u00e3o nossos poetas? Onde est\u00e3o os portadores De inspira\u00e7\u00e3o perfumada E com o esplendor das flores? Eu sinto muita saudade Das coisas simples e puras Das cantigas de rodinhas Recheadas de ternuras O rob\u00f4, roubou os versos A m\u00e1quina, a poesia O encanto natural Perdeu-se no dia a dia Quero encher meu cora\u00e7\u00e3o De tal maneira inundar Que as concupisc\u00eancias do Mundo N\u00e3o possam me alcan\u00e7ar S\u00f3 a poesia inspirada Consegue me satisfazer Mas junto com a Palavra Que Deus tem para dizer O Mundo \u00e9 um Poema Que precisa de poetas Para transmitir em versos As verdades mais concretas N\u00e3o quero ser diferente T\u00e3o pouco sou exigente Mas \u00e9 preciso ouvir algo Que encha o cora\u00e7\u00e3o da gente O Mundo \u00e9 colorido Porque Deus \u00e9 Esplendor Pois tudo Emanou de Deus O Poeta Criador Deus \u00e9 o Pai Poeta Jesus \u00e9 a Composi\u00e7\u00e3o O Mundo \u00e9 o poema O Consolador, a inspira\u00e7\u00e3o O mundo \u00e9 um poema Que Deus fez pela Palavra Deus ama a poesia E satan\u00e1s a deprava Mas o Poeta \u00e9 maior Maior que o destruidor Jesus \u00e9 a Composi\u00e7\u00e3o Inspirada no Amor O Mundo \u00e9 um Poema Cujos Versos \u00e9 Jesus Que consumou o\u00a0 Poema Num Monte e numa Cruz Onir Francisco Damas","og_url":"https:\/\/assuntospolemicosdabiblia.com\/blog\/o-poeta-criador-2\/","og_site_name":"Assuntos Pol\u00eamicos da B\u00edblia","article_published_time":"2007-07-26T13:32:53+00:00","og_image":[{"width":1024,"height":768,"url":"https:\/\/assuntospolemicosdabiblia.com\/blog\/wp-content\/uploads\/2013\/03\/a-criacao-de-adao-michelangelo1-1-1-1.jpg","type":"image\/jpeg"}],"author":"onir","twitter_card":"summary_large_image","twitter_misc":{"Escrito por":"onir","Est. tempo de leitura":"2 minutos"},"schema":{"@context":"https:\/\/schema.org","@graph":[{"@type":"Article","@id":"https:\/\/assuntospolemicosdabiblia.com\/blog\/o-poeta-criador-2\/#article","isPartOf":{"@id":"https:\/\/assuntospolemicosdabiblia.com\/blog\/o-poeta-criador-2\/"},"author":{"name":"onir","@id":"https:\/\/assuntospolemicosdabiblia.com\/blog\/#\/schema\/person\/dcc1acf89b0697dccfe238ccc3f18807"},"headline":"O POETA CRIADOR","datePublished":"2007-07-26T13:32:53+00:00","mainEntityOfPage":{"@id":"https:\/\/assuntospolemicosdabiblia.com\/blog\/o-poeta-criador-2\/"},"wordCount":308,"commentCount":0,"image":{"@id":"https:\/\/assuntospolemicosdabiblia.com\/blog\/o-poeta-criador-2\/#primaryimage"},"thumbnailUrl":"https:\/\/assuntospolemicosdabiblia.com\/blog\/wp-content\/uploads\/2013\/03\/a-criacao-de-adao-michelangelo1-1-1-1.jpg","articleSection":["Poesias"],"inLanguage":"pt-BR","potentialAction":[{"@type":"CommentAction","name":"Comment","target":["https:\/\/assuntospolemicosdabiblia.com\/blog\/o-poeta-criador-2\/#respond"]}]},{"@type":"WebPage","@id":"https:\/\/assuntospolemicosdabiblia.com\/blog\/o-poeta-criador-2\/","url":"https:\/\/assuntospolemicosdabiblia.com\/blog\/o-poeta-criador-2\/","name":"O POETA CRIADOR - Assuntos Pol\u00eamicos da B\u00edblia","isPartOf":{"@id":"https:\/\/assuntospolemicosdabiblia.com\/blog\/#website"},"primaryImageOfPage":{"@id":"https:\/\/assuntospolemicosdabiblia.com\/blog\/o-poeta-criador-2\/#primaryimage"},"image":{"@id":"https:\/\/assuntospolemicosdabiblia.com\/blog\/o-poeta-criador-2\/#primaryimage"},"thumbnailUrl":"https:\/\/assuntospolemicosdabiblia.com\/blog\/wp-content\/uploads\/2013\/03\/a-criacao-de-adao-michelangelo1-1-1-1.jpg","datePublished":"2007-07-26T13:32:53+00:00","author":{"@id":"https:\/\/assuntospolemicosdabiblia.com\/blog\/#\/schema\/person\/dcc1acf89b0697dccfe238ccc3f18807"},"breadcrumb":{"@id":"https:\/\/assuntospolemicosdabiblia.com\/blog\/o-poeta-criador-2\/#breadcrumb"},"inLanguage":"pt-BR","potentialAction":[{"@type":"ReadAction","target":["https:\/\/assuntospolemicosdabiblia.com\/blog\/o-poeta-criador-2\/"]}]},{"@type":"ImageObject","inLanguage":"pt-BR","@id":"https:\/\/assuntospolemicosdabiblia.com\/blog\/o-poeta-criador-2\/#primaryimage","url":"https:\/\/assuntospolemicosdabiblia.com\/blog\/wp-content\/uploads\/2013\/03\/a-criacao-de-adao-michelangelo1-1-1-1.jpg","contentUrl":"https:\/\/assuntospolemicosdabiblia.com\/blog\/wp-content\/uploads\/2013\/03\/a-criacao-de-adao-michelangelo1-1-1-1.jpg","width":1024,"height":768},{"@type":"BreadcrumbList","@id":"https:\/\/assuntospolemicosdabiblia.com\/blog\/o-poeta-criador-2\/#breadcrumb","itemListElement":[{"@type":"ListItem","position":1,"name":"In\u00edcio","item":"https:\/\/assuntospolemicosdabiblia.com\/blog\/"},{"@type":"ListItem","position":2,"name":"O POETA CRIADOR"}]},{"@type":"WebSite","@id":"https:\/\/assuntospolemicosdabiblia.com\/blog\/#website","url":"https:\/\/assuntospolemicosdabiblia.com\/blog\/","name":"Assuntos Pol\u00eamicos da B\u00edblia","description":"Conhecereis a Verdade e a Verdade vos Libertar\u00e1","potentialAction":[{"@type":"SearchAction","target":{"@type":"EntryPoint","urlTemplate":"https:\/\/assuntospolemicosdabiblia.com\/blog\/?s={search_term_string}"},"query-input":{"@type":"PropertyValueSpecification","valueRequired":true,"valueName":"search_term_string"}}],"inLanguage":"pt-BR"},{"@type":"Person","@id":"https:\/\/assuntospolemicosdabiblia.com\/blog\/#\/schema\/person\/dcc1acf89b0697dccfe238ccc3f18807","name":"onir","image":{"@type":"ImageObject","inLanguage":"pt-BR","@id":"https:\/\/secure.gravatar.com\/avatar\/01f8ecbe53bfdb17e125e1702a5605a51d3993dc27493d8b9c1e1aacb366eb03?s=96&d=mm&r=g","url":"https:\/\/secure.gravatar.com\/avatar\/01f8ecbe53bfdb17e125e1702a5605a51d3993dc27493d8b9c1e1aacb366eb03?s=96&d=mm&r=g","contentUrl":"https:\/\/secure.gravatar.com\/avatar\/01f8ecbe53bfdb17e125e1702a5605a51d3993dc27493d8b9c1e1aacb366eb03?s=96&d=mm&r=g","caption":"onir"},"url":"https:\/\/assuntospolemicosdabiblia.com\/blog\/author\/onir\/"}]}},"_links":{"self":[{"href":"https:\/\/assuntospolemicosdabiblia.com\/blog\/wp-json\/wp\/v2\/posts\/99","targetHints":{"allow":["GET"]}}],"collection":[{"href":"https:\/\/assuntospolemicosdabiblia.com\/blog\/wp-json\/wp\/v2\/posts"}],"about":[{"href":"https:\/\/assuntospolemicosdabiblia.com\/blog\/wp-json\/wp\/v2\/types\/post"}],"author":[{"embeddable":true,"href":"https:\/\/assuntospolemicosdabiblia.com\/blog\/wp-json\/wp\/v2\/users\/2"}],"replies":[{"embeddable":true,"href":"https:\/\/assuntospolemicosdabiblia.com\/blog\/wp-json\/wp\/v2\/comments?post=99"}],"version-history":[{"count":0,"href":"https:\/\/assuntospolemicosdabiblia.com\/blog\/wp-json\/wp\/v2\/posts\/99\/revisions"}],"wp:featuredmedia":[{"embeddable":true,"href":"https:\/\/assuntospolemicosdabiblia.com\/blog\/wp-json\/wp\/v2\/media\/1066"}],"wp:attachment":[{"href":"https:\/\/assuntospolemicosdabiblia.com\/blog\/wp-json\/wp\/v2\/media?parent=99"}],"wp:term":[{"taxonomy":"category","embeddable":true,"href":"https:\/\/assuntospolemicosdabiblia.com\/blog\/wp-json\/wp\/v2\/categories?post=99"},{"taxonomy":"post_tag","embeddable":true,"href":"https:\/\/assuntospolemicosdabiblia.com\/blog\/wp-json\/wp\/v2\/tags?post=99"}],"curies":[{"name":"wp","href":"https:\/\/api.w.org\/{rel}","templated":true}]}}